{"id":17743,"date":"2022-11-02T09:00:00","date_gmt":"2022-11-02T08:00:00","guid":{"rendered":"https:\/\/eqos-gruppe.com\/?post_type=pressemitteilung&#038;p=17743"},"modified":"2023-02-06T08:42:28","modified_gmt":"2023-02-06T07:42:28","slug":"centrale-de-tauernmoos-eqos-energie-developpe-de-lelectricite-verte-pour-oebb","status":"publish","type":"pressemitteilung","link":"https:\/\/eqos-gruppe.com\/fr\/communique-de-presse\/centrale-de-tauernmoos-eqos-energie-developpe-de-lelectricite-verte-pour-oebb\/","title":{"rendered":"Centrale de Tauernmoos: EQOS Energie d\u00e9veloppe de l\u2019\u00e9lectricit\u00e9 verte pour \u00d6BB"},"content":{"rendered":"\n<ul class=\"wp-block-list\">\n<li><em>D\u00e9but de la planification des travaux de EQOS Energie pour le plus grand et le plus haut projet de centrale \u00e9lectrique des chemins de fer f\u00e9d\u00e9raux autrichiens<\/em><\/li>\n\n\n\n<li><em>Construire en haute montagne : un d\u00e9fi particulier<\/em><\/li>\n\n\n\n<li><em>EQOS Energie s\u00e9duit par son expertise dans le domaine de la moyenne tension et de la technique des centrales \u00e9lectriques<\/em><\/li>\n<\/ul>\n\n\n\n<p>La mobilit\u00e9 sera totalement r\u00e9orient\u00e9e en Europe dans les ann\u00e9es \u00e0 venir. Chaque kilom\u00e8tre parcouru en train contribue \u00e0 la r\u00e9alisation des objectifs de protection de l&#8217;environnement. Cet avantage du train est notamment d\u00fb \u00e0 l&#8217;utilisation de 100 pour cent d&#8217;\u00e9lectricit\u00e9 verte provenant de sources durables pour l&#8217;exploitation des trains de \u00d6BB.<\/p>\n\n\n\n<p>Afin d&#8217;augmenter encore la part d&#8217;\u00e9lectricit\u00e9 verte qu&#8217;ils produisent eux-m\u00eames, \u00d6BB construit dans la vall\u00e9e de Stubach \u00e0 Salzbourg une nouvelle centrale \u00e0 accumulation par pompage d&#8217;une puissance nominale pr\u00e9vue de 170 MW. Uwe Trampnau, g\u00e9rant chez EQOS Energie, d\u00e9crit la particularit\u00e9 de cette installation : &#8220;La centrale \u00e9nerg\u00e9tique de Tauernmoos permet \u00e0 la fois de produire de l&#8217;\u00e9lectricit\u00e9 et de stocker de l&#8217;\u00e9nergie en pompant l&#8217;eau du lac de Tauernmoos dans le lac de Wei\u00dfsee, situ\u00e9 220 m\u00e8tres plus haut. Lorsque la demande en \u00e9lectricit\u00e9 est \u00e9lev\u00e9e, l&#8217;eau est \u00e0 nouveau \u00e9vacu\u00e9e et fait tourner les turbines, ce qui permet de faire face encore mieux aux pics de puissance du r\u00e9seau \u00e9lectrique ferroviaire&#8221;.<\/p>\n\n\n\n<h2 class=\"has-medium-font-size wp-block-heading\"><strong>Construire en haute montagne : un d\u00e9fi particulier<\/strong><\/h2>\n\n\n\n<p>Le Profit Center Sous-stations Autriche de EQOS construit pour le compte de \u00d6BB-Infrastruktur AG une partie de l&#8217;\u00e9quipement technique de la centrale de la nouvelle installation. Markus Mairhofer, responsable du Profit Center, d\u00e9crit les dimensions impressionnantes du projet : &#8220;Nous travaillons en terrain hautement alpin, jusqu&#8217;\u00e0 une altitude de 2 250 m\u00e8tres. De plus, il s&#8217;agit d&#8217;une centrale souterraine, les installations m\u00e9caniques et \u00e9lectriques sont donc en grande partie sous terre. Les dimensions sont \u00e9normes, la caverne atteint \u00e0 peu pr\u00e8s la hauteur d&#8217;un immeuble de douze \u00e9tages&#8221;.<\/p>\n\n\n\n<h2 class=\"has-medium-font-size wp-block-heading\"><strong>EQOS Energie fait valoir ses atouts en mati\u00e8re de <a href=\"https:\/\/eqos-energie.com\/energietechnik\/energieerzeugung-und-uebertragung\/\" target=\"_blank\" rel=\"noreferrer noopener\">technique de centrales \u00e9lectriques<\/a><\/strong><\/h2>\n\n\n\n<p>EQOS Energie est responsable de l&#8217;approvisionnement des besoins propres. Dans le d\u00e9tail, la commande comprend l&#8217;installation de postes de distribution moyenne tension de 5 ou 10 kV et de transformateurs ainsi que d&#8217;importants travaux de c\u00e2blage. La mise en place d&#8217;une installation de 400 volts pour les besoins propres s&#8217;accompagne de la mise en place d&#8217;une alimentation s\u00e9curis\u00e9e en courant continu (220 volts) et d&#8217;une alimentation en courant alternatif sans interruption (230\/400 volts). L&#8217;\u00e9quipe de EQOS Energie coordonne en outre de grandes parties de l&#8217;ing\u00e9nierie \u00e9lectrique et veille \u00e0 la documentation d\u00e9taill\u00e9e de l&#8217;ensemble de l&#8217;approvisionnement en autoconsommation.<\/p>\n\n\n\n<p>La mise en \u0153uvre de ces travaux se fait par \u00e9tapes, les experts en \u00e9nergie de EQOS ont commenc\u00e9 les planifications d\u00e8s le mois d&#8217;octobre.<\/p>\n\n\n\n<figure class=\"wp-block-gallery has-nested-images columns-default is-cropped wp-block-gallery-1 is-layout-flex wp-block-gallery-is-layout-flex\">\n<figure class=\"wp-block-image size-large\"><img fetchpriority=\"high\" decoding=\"async\" width=\"1500\" height=\"1000\" data-id=\"17995\" src=\"https:\/\/eqos-gruppe.com\/wp-content\/uploads\/2022\/11\/presse-tauernmoos-Visualisierung.jpg\" alt=\"Erschlie\u00dfung von gr\u00fcnem Strom f\u00fcr \u00d6BB im Kraftwerk Tauernmoos\" class=\"wp-image-17995\" srcset=\"https:\/\/eqos-gruppe.com\/wp-content\/uploads\/2022\/11\/presse-tauernmoos-Visualisierung.jpg 1500w, https:\/\/eqos-gruppe.com\/wp-content\/uploads\/2022\/11\/presse-tauernmoos-Visualisierung-300x200.jpg 300w, https:\/\/eqos-gruppe.com\/wp-content\/uploads\/2022\/11\/presse-tauernmoos-Visualisierung-1024x683.jpg 1024w, https:\/\/eqos-gruppe.com\/wp-content\/uploads\/2022\/11\/presse-tauernmoos-Visualisierung-768x512.jpg 768w\" sizes=\"(max-width: 1500px) 100vw, 1500px\" \/><figcaption class=\"wp-element-caption\">\u00a9\u00d6BB_SailerBrothers<\/figcaption><\/figure>\n\n\n\n<figure class=\"wp-block-image size-large\"><img decoding=\"async\" width=\"2000\" height=\"1334\" data-id=\"17999\" src=\"https:\/\/eqos-gruppe.com\/wp-content\/uploads\/2022\/11\/presse-tauernmoos_Kaverne.jpg\" alt=\"Erschlie\u00dfung von gr\u00fcnem Strom f\u00fcr \u00d6BB im Kraftwerk Tauernmoos\" class=\"wp-image-17999\" srcset=\"https:\/\/eqos-gruppe.com\/wp-content\/uploads\/2022\/11\/presse-tauernmoos_Kaverne.jpg 2000w, https:\/\/eqos-gruppe.com\/wp-content\/uploads\/2022\/11\/presse-tauernmoos_Kaverne-300x200.jpg 300w, https:\/\/eqos-gruppe.com\/wp-content\/uploads\/2022\/11\/presse-tauernmoos_Kaverne-1024x683.jpg 1024w, https:\/\/eqos-gruppe.com\/wp-content\/uploads\/2022\/11\/presse-tauernmoos_Kaverne-768x512.jpg 768w, https:\/\/eqos-gruppe.com\/wp-content\/uploads\/2022\/11\/presse-tauernmoos_Kaverne-1536x1025.jpg 1536w\" sizes=\"(max-width: 2000px) 100vw, 2000px\" \/><figcaption class=\"wp-element-caption\">\u00a9\u00d6BB_SailerBrothers<\/figcaption><\/figure>\n\n\n\n<figure class=\"wp-block-image size-large\"><img decoding=\"async\" width=\"1500\" height=\"720\" data-id=\"17991\" src=\"https:\/\/eqos-gruppe.com\/wp-content\/uploads\/2022\/11\/presse-tauernmoos-Panorama.jpg\" alt=\"Erschlie\u00dfung von gr\u00fcnem Strom f\u00fcr \u00d6BB im Kraftwerk Tauernmoos\" class=\"wp-image-17991\" srcset=\"https:\/\/eqos-gruppe.com\/wp-content\/uploads\/2022\/11\/presse-tauernmoos-Panorama.jpg 1500w, https:\/\/eqos-gruppe.com\/wp-content\/uploads\/2022\/11\/presse-tauernmoos-Panorama-300x144.jpg 300w, https:\/\/eqos-gruppe.com\/wp-content\/uploads\/2022\/11\/presse-tauernmoos-Panorama-1024x492.jpg 1024w, https:\/\/eqos-gruppe.com\/wp-content\/uploads\/2022\/11\/presse-tauernmoos-Panorama-768x369.jpg 768w\" sizes=\"(max-width: 1500px) 100vw, 1500px\" \/><figcaption class=\"wp-element-caption\">\u00a9\u00d6BB_SailerBrothers<\/figcaption><\/figure>\n<\/figure>\n","protected":false},"excerpt":{"rendered":"<p>D\u00e9but de la planification des travaux de EQOS Energie pour le plus grand et le plus haut projet de centrale \u00e9lectrique des chemins de fer f\u00e9d\u00e9raux autrichiens | Construire en haute montagne : un d\u00e9fi particulier | EQOS Energie s\u00e9duit par son expertise dans le domaine de la moyenne tension et de la technique des centrales \u00e9lectriques<\/p>\n","protected":false},"featured_media":17778,"template":"","meta":{"_acf_changed":false,"footnotes":""},"categories":[230],"tags":[244],"class_list":["post-17743","pressemitteilung","type-pressemitteilung","status-publish","has-post-thumbnail","hentry","category-technologie-denergie","tag-press-release-fr","nt-post-class","","masonry-item","col-lg-4"],"acf":[],"yoast_head":"<!-- This site is optimized with the Yoast SEO plugin v27.3 - https:\/\/yoast.com\/product\/yoast-seo-wordpress\/ -->\n<title>Centrale de Tauernmoos: EQOS Energie d\u00e9veloppe de l\u2019\u00e9lectricit\u00e9 verte pour \u00d6BB<\/title>\n<meta name=\"description\" content=\"D\u00e9but de la planification des travaux de EQOS pour le plus grand et le plus haut projet de centrale \u00e9lectrique des chemins de fer f\u00e9d\u00e9raux autrichiens | Construire en haute montagne : un d\u00e9fi particulier | EQOS Energie s\u00e9duit par son expertise dans le domaine de la moyenne tension et de la technique des centrales \u00e9lectriques\" \/>\n<meta name=\"robots\" content=\"index, follow, max-snippet:-1, max-image-preview:large, max-video-preview:-1\" \/>\n<link rel=\"canonical\" href=\"https:\/\/eqos-gruppe.com\/fr\/communique-de-presse\/centrale-de-tauernmoos-eqos-energie-developpe-de-lelectricite-verte-pour-oebb\/\" \/>\n<meta property=\"og:locale\" content=\"fr_FR\" \/>\n<meta property=\"og:type\" content=\"article\" \/>\n<meta property=\"og:title\" content=\"Centrale de Tauernmoos: EQOS Energie d\u00e9veloppe de l\u2019\u00e9lectricit\u00e9 verte pour \u00d6BB\" \/>\n<meta property=\"og:description\" content=\"D\u00e9but de la planification des travaux de EQOS pour le plus grand et le plus haut projet de centrale \u00e9lectrique des chemins de fer f\u00e9d\u00e9raux autrichiens | Construire en haute montagne : un d\u00e9fi particulier | EQOS Energie s\u00e9duit par son expertise dans le domaine de la moyenne tension et de la technique des centrales \u00e9lectriques\" \/>\n<meta property=\"og:url\" content=\"https:\/\/eqos-gruppe.com\/fr\/communique-de-presse\/centrale-de-tauernmoos-eqos-energie-developpe-de-lelectricite-verte-pour-oebb\/\" \/>\n<meta property=\"og:site_name\" content=\"EQOS Gruppe\" \/>\n<meta property=\"article:modified_time\" content=\"2023-02-06T07:42:28+00:00\" \/>\n<meta property=\"og:image\" content=\"https:\/\/eqos-gruppe.com\/wp-content\/uploads\/2022\/11\/DE-EE990240-Wasserkraftwerk.jpg\" \/>\n\t<meta property=\"og:image:width\" content=\"1920\" \/>\n\t<meta property=\"og:image:height\" content=\"768\" \/>\n\t<meta property=\"og:image:type\" content=\"image\/jpeg\" \/>\n<meta name=\"twitter:card\" content=\"summary_large_image\" \/>\n<meta name=\"twitter:label1\" content=\"Dur\u00e9e de lecture estim\u00e9e\" \/>\n\t<meta name=\"twitter:data1\" content=\"3 minutes\" \/>\n<script type=\"application\/ld+json\" class=\"yoast-schema-graph\">{\"@context\":\"https:\\\/\\\/schema.org\",\"@graph\":[{\"@type\":\"WebPage\",\"@id\":\"https:\\\/\\\/eqos-gruppe.com\\\/fr\\\/communique-de-presse\\\/centrale-de-tauernmoos-eqos-energie-developpe-de-lelectricite-verte-pour-oebb\\\/\",\"url\":\"https:\\\/\\\/eqos-gruppe.com\\\/fr\\\/communique-de-presse\\\/centrale-de-tauernmoos-eqos-energie-developpe-de-lelectricite-verte-pour-oebb\\\/\",\"name\":\"Centrale de Tauernmoos: EQOS Energie d\u00e9veloppe de l\u2019\u00e9lectricit\u00e9 verte pour \u00d6BB\",\"isPartOf\":{\"@id\":\"https:\\\/\\\/eqos-gruppe.com\\\/fr\\\/#website\"},\"primaryImageOfPage\":{\"@id\":\"https:\\\/\\\/eqos-gruppe.com\\\/fr\\\/communique-de-presse\\\/centrale-de-tauernmoos-eqos-energie-developpe-de-lelectricite-verte-pour-oebb\\\/#primaryimage\"},\"image\":{\"@id\":\"https:\\\/\\\/eqos-gruppe.com\\\/fr\\\/communique-de-presse\\\/centrale-de-tauernmoos-eqos-energie-developpe-de-lelectricite-verte-pour-oebb\\\/#primaryimage\"},\"thumbnailUrl\":\"https:\\\/\\\/eqos-gruppe.com\\\/wp-content\\\/uploads\\\/2022\\\/11\\\/DE-EE990240-Wasserkraftwerk.jpg\",\"datePublished\":\"2022-11-02T08:00:00+00:00\",\"dateModified\":\"2023-02-06T07:42:28+00:00\",\"description\":\"D\u00e9but de la planification des travaux de EQOS pour le plus grand et le plus haut projet de centrale \u00e9lectrique des chemins de fer f\u00e9d\u00e9raux autrichiens | Construire en haute montagne : un d\u00e9fi particulier | EQOS Energie s\u00e9duit par son expertise dans le domaine de la moyenne tension et de la technique des centrales \u00e9lectriques\",\"breadcrumb\":{\"@id\":\"https:\\\/\\\/eqos-gruppe.com\\\/fr\\\/communique-de-presse\\\/centrale-de-tauernmoos-eqos-energie-developpe-de-lelectricite-verte-pour-oebb\\\/#breadcrumb\"},\"inLanguage\":\"fr-FR\",\"potentialAction\":[{\"@type\":\"ReadAction\",\"target\":[\"https:\\\/\\\/eqos-gruppe.com\\\/fr\\\/communique-de-presse\\\/centrale-de-tauernmoos-eqos-energie-developpe-de-lelectricite-verte-pour-oebb\\\/\"]}]},{\"@type\":\"ImageObject\",\"inLanguage\":\"fr-FR\",\"@id\":\"https:\\\/\\\/eqos-gruppe.com\\\/fr\\\/communique-de-presse\\\/centrale-de-tauernmoos-eqos-energie-developpe-de-lelectricite-verte-pour-oebb\\\/#primaryimage\",\"url\":\"https:\\\/\\\/eqos-gruppe.com\\\/wp-content\\\/uploads\\\/2022\\\/11\\\/DE-EE990240-Wasserkraftwerk.jpg\",\"contentUrl\":\"https:\\\/\\\/eqos-gruppe.com\\\/wp-content\\\/uploads\\\/2022\\\/11\\\/DE-EE990240-Wasserkraftwerk.jpg\",\"width\":1920,\"height\":768},{\"@type\":\"BreadcrumbList\",\"@id\":\"https:\\\/\\\/eqos-gruppe.com\\\/fr\\\/communique-de-presse\\\/centrale-de-tauernmoos-eqos-energie-developpe-de-lelectricite-verte-pour-oebb\\\/#breadcrumb\",\"itemListElement\":[{\"@type\":\"ListItem\",\"position\":1,\"name\":\"Home\",\"item\":\"https:\\\/\\\/eqos-gruppe.com\\\/fr\\\/\"},{\"@type\":\"ListItem\",\"position\":2,\"name\":\"Communiqu\u00e9s de presse\",\"item\":\"https:\\\/\\\/eqos-gruppe.com\\\/fr\\\/communique-de-presse\\\/\"},{\"@type\":\"ListItem\",\"position\":3,\"name\":\"Centrale de Tauernmoos: EQOS Energie d\u00e9veloppe de l\u2019\u00e9lectricit\u00e9 verte pour \u00d6BB\"}]},{\"@type\":\"WebSite\",\"@id\":\"https:\\\/\\\/eqos-gruppe.com\\\/fr\\\/#website\",\"url\":\"https:\\\/\\\/eqos-gruppe.com\\\/fr\\\/\",\"name\":\"EQOS Gruppe\",\"description\":\"\",\"publisher\":{\"@id\":\"https:\\\/\\\/eqos-gruppe.com\\\/fr\\\/#organization\"},\"potentialAction\":[{\"@type\":\"SearchAction\",\"target\":{\"@type\":\"EntryPoint\",\"urlTemplate\":\"https:\\\/\\\/eqos-gruppe.com\\\/fr\\\/?s={search_term_string}\"},\"query-input\":{\"@type\":\"PropertyValueSpecification\",\"valueRequired\":true,\"valueName\":\"search_term_string\"}}],\"inLanguage\":\"fr-FR\"},{\"@type\":\"Organization\",\"@id\":\"https:\\\/\\\/eqos-gruppe.com\\\/fr\\\/#organization\",\"name\":\"EQOS Gruppe\",\"url\":\"https:\\\/\\\/eqos-gruppe.com\\\/fr\\\/\",\"logo\":{\"@type\":\"ImageObject\",\"inLanguage\":\"fr-FR\",\"@id\":\"https:\\\/\\\/eqos-gruppe.com\\\/fr\\\/#\\\/schema\\\/logo\\\/image\\\/\",\"url\":\"https:\\\/\\\/eqos-gruppe.com\\\/wp-content\\\/uploads\\\/2021\\\/11\\\/eqos-logo.svg\",\"contentUrl\":\"https:\\\/\\\/eqos-gruppe.com\\\/wp-content\\\/uploads\\\/2021\\\/11\\\/eqos-logo.svg\",\"caption\":\"EQOS Gruppe\"},\"image\":{\"@id\":\"https:\\\/\\\/eqos-gruppe.com\\\/fr\\\/#\\\/schema\\\/logo\\\/image\\\/\"}}]}<\/script>\n<!-- \/ Yoast SEO plugin. -->","yoast_head_json":{"title":"Centrale de Tauernmoos: EQOS Energie d\u00e9veloppe de l\u2019\u00e9lectricit\u00e9 verte pour \u00d6BB","description":"D\u00e9but de la planification des travaux de EQOS pour le plus grand et le plus haut projet de centrale \u00e9lectrique des chemins de fer f\u00e9d\u00e9raux autrichiens | Construire en haute montagne : un d\u00e9fi particulier | EQOS Energie s\u00e9duit par son expertise dans le domaine de la moyenne tension et de la technique des centrales \u00e9lectriques","robots":{"index":"index","follow":"follow","max-snippet":"max-snippet:-1","max-image-preview":"max-image-preview:large","max-video-preview":"max-video-preview:-1"},"canonical":"https:\/\/eqos-gruppe.com\/fr\/communique-de-presse\/centrale-de-tauernmoos-eqos-energie-developpe-de-lelectricite-verte-pour-oebb\/","og_locale":"fr_FR","og_type":"article","og_title":"Centrale de Tauernmoos: EQOS Energie d\u00e9veloppe de l\u2019\u00e9lectricit\u00e9 verte pour \u00d6BB","og_description":"D\u00e9but de la planification des travaux de EQOS pour le plus grand et le plus haut projet de centrale \u00e9lectrique des chemins de fer f\u00e9d\u00e9raux autrichiens | Construire en haute montagne : un d\u00e9fi particulier | EQOS Energie s\u00e9duit par son expertise dans le domaine de la moyenne tension et de la technique des centrales \u00e9lectriques","og_url":"https:\/\/eqos-gruppe.com\/fr\/communique-de-presse\/centrale-de-tauernmoos-eqos-energie-developpe-de-lelectricite-verte-pour-oebb\/","og_site_name":"EQOS Gruppe","article_modified_time":"2023-02-06T07:42:28+00:00","og_image":[{"width":1920,"height":768,"url":"https:\/\/eqos-gruppe.com\/wp-content\/uploads\/2022\/11\/DE-EE990240-Wasserkraftwerk.jpg","type":"image\/jpeg"}],"twitter_card":"summary_large_image","twitter_misc":{"Dur\u00e9e de lecture estim\u00e9e":"3 minutes"},"schema":{"@context":"https:\/\/schema.org","@graph":[{"@type":"WebPage","@id":"https:\/\/eqos-gruppe.com\/fr\/communique-de-presse\/centrale-de-tauernmoos-eqos-energie-developpe-de-lelectricite-verte-pour-oebb\/","url":"https:\/\/eqos-gruppe.com\/fr\/communique-de-presse\/centrale-de-tauernmoos-eqos-energie-developpe-de-lelectricite-verte-pour-oebb\/","name":"Centrale de Tauernmoos: EQOS Energie d\u00e9veloppe de l\u2019\u00e9lectricit\u00e9 verte pour \u00d6BB","isPartOf":{"@id":"https:\/\/eqos-gruppe.com\/fr\/#website"},"primaryImageOfPage":{"@id":"https:\/\/eqos-gruppe.com\/fr\/communique-de-presse\/centrale-de-tauernmoos-eqos-energie-developpe-de-lelectricite-verte-pour-oebb\/#primaryimage"},"image":{"@id":"https:\/\/eqos-gruppe.com\/fr\/communique-de-presse\/centrale-de-tauernmoos-eqos-energie-developpe-de-lelectricite-verte-pour-oebb\/#primaryimage"},"thumbnailUrl":"https:\/\/eqos-gruppe.com\/wp-content\/uploads\/2022\/11\/DE-EE990240-Wasserkraftwerk.jpg","datePublished":"2022-11-02T08:00:00+00:00","dateModified":"2023-02-06T07:42:28+00:00","description":"D\u00e9but de la planification des travaux de EQOS pour le plus grand et le plus haut projet de centrale \u00e9lectrique des chemins de fer f\u00e9d\u00e9raux autrichiens | Construire en haute montagne : un d\u00e9fi particulier | EQOS Energie s\u00e9duit par son expertise dans le domaine de la moyenne tension et de la technique des centrales \u00e9lectriques","breadcrumb":{"@id":"https:\/\/eqos-gruppe.com\/fr\/communique-de-presse\/centrale-de-tauernmoos-eqos-energie-developpe-de-lelectricite-verte-pour-oebb\/#breadcrumb"},"inLanguage":"fr-FR","potentialAction":[{"@type":"ReadAction","target":["https:\/\/eqos-gruppe.com\/fr\/communique-de-presse\/centrale-de-tauernmoos-eqos-energie-developpe-de-lelectricite-verte-pour-oebb\/"]}]},{"@type":"ImageObject","inLanguage":"fr-FR","@id":"https:\/\/eqos-gruppe.com\/fr\/communique-de-presse\/centrale-de-tauernmoos-eqos-energie-developpe-de-lelectricite-verte-pour-oebb\/#primaryimage","url":"https:\/\/eqos-gruppe.com\/wp-content\/uploads\/2022\/11\/DE-EE990240-Wasserkraftwerk.jpg","contentUrl":"https:\/\/eqos-gruppe.com\/wp-content\/uploads\/2022\/11\/DE-EE990240-Wasserkraftwerk.jpg","width":1920,"height":768},{"@type":"BreadcrumbList","@id":"https:\/\/eqos-gruppe.com\/fr\/communique-de-presse\/centrale-de-tauernmoos-eqos-energie-developpe-de-lelectricite-verte-pour-oebb\/#breadcrumb","itemListElement":[{"@type":"ListItem","position":1,"name":"Home","item":"https:\/\/eqos-gruppe.com\/fr\/"},{"@type":"ListItem","position":2,"name":"Communiqu\u00e9s de presse","item":"https:\/\/eqos-gruppe.com\/fr\/communique-de-presse\/"},{"@type":"ListItem","position":3,"name":"Centrale de Tauernmoos: EQOS Energie d\u00e9veloppe de l\u2019\u00e9lectricit\u00e9 verte pour \u00d6BB"}]},{"@type":"WebSite","@id":"https:\/\/eqos-gruppe.com\/fr\/#website","url":"https:\/\/eqos-gruppe.com\/fr\/","name":"EQOS Gruppe","description":"","publisher":{"@id":"https:\/\/eqos-gruppe.com\/fr\/#organization"},"potentialAction":[{"@type":"SearchAction","target":{"@type":"EntryPoint","urlTemplate":"https:\/\/eqos-gruppe.com\/fr\/?s={search_term_string}"},"query-input":{"@type":"PropertyValueSpecification","valueRequired":true,"valueName":"search_term_string"}}],"inLanguage":"fr-FR"},{"@type":"Organization","@id":"https:\/\/eqos-gruppe.com\/fr\/#organization","name":"EQOS Gruppe","url":"https:\/\/eqos-gruppe.com\/fr\/","logo":{"@type":"ImageObject","inLanguage":"fr-FR","@id":"https:\/\/eqos-gruppe.com\/fr\/#\/schema\/logo\/image\/","url":"https:\/\/eqos-gruppe.com\/wp-content\/uploads\/2021\/11\/eqos-logo.svg","contentUrl":"https:\/\/eqos-gruppe.com\/wp-content\/uploads\/2021\/11\/eqos-logo.svg","caption":"EQOS Gruppe"},"image":{"@id":"https:\/\/eqos-gruppe.com\/fr\/#\/schema\/logo\/image\/"}}]}},"_links":{"self":[{"href":"https:\/\/eqos-gruppe.com\/fr\/wp-json\/wp\/v2\/pressemitteilung\/17743","targetHints":{"allow":["GET"]}}],"collection":[{"href":"https:\/\/eqos-gruppe.com\/fr\/wp-json\/wp\/v2\/pressemitteilung"}],"about":[{"href":"https:\/\/eqos-gruppe.com\/fr\/wp-json\/wp\/v2\/types\/pressemitteilung"}],"version-history":[{"count":0,"href":"https:\/\/eqos-gruppe.com\/fr\/wp-json\/wp\/v2\/pressemitteilung\/17743\/revisions"}],"wp:featuredmedia":[{"embeddable":true,"href":"https:\/\/eqos-gruppe.com\/fr\/wp-json\/wp\/v2\/media\/17778"}],"wp:attachment":[{"href":"https:\/\/eqos-gruppe.com\/fr\/wp-json\/wp\/v2\/media?parent=17743"}],"wp:term":[{"taxonomy":"category","embeddable":true,"href":"https:\/\/eqos-gruppe.com\/fr\/wp-json\/wp\/v2\/categories?post=17743"},{"taxonomy":"post_tag","embeddable":true,"href":"https:\/\/eqos-gruppe.com\/fr\/wp-json\/wp\/v2\/tags?post=17743"}],"curies":[{"name":"wp","href":"https:\/\/api.w.org\/{rel}","templated":true}]}}