{"id":15772,"date":"2020-12-03T09:00:00","date_gmt":"2020-12-03T08:00:00","guid":{"rendered":"https:\/\/eqos-gruppe.com\/pressemitteilung\/nouveau-contrat-attribue-eqos-energie-a-enregistre-une-importante-commande-de-verbund-pour-la-distribution-auxiliaire-de-la-centrale-electrique-du-danube-a-ottensheim-wilhering\/"},"modified":"2023-02-06T08:53:51","modified_gmt":"2023-02-06T07:53:51","slug":"nouveau-contrat-attribue-eqos-energie-a-enregistre-une-importante-commande-de-verbund-pour-la-distribution-auxiliaire-de-la-centrale-electrique-du-danube-a-ottensheim-wilhering","status":"publish","type":"pressemitteilung","link":"https:\/\/eqos-gruppe.com\/fr\/communique-de-presse\/nouveau-contrat-attribue-eqos-energie-a-enregistre-une-importante-commande-de-verbund-pour-la-distribution-auxiliaire-de-la-centrale-electrique-du-danube-a-ottensheim-wilhering\/","title":{"rendered":"Nouveau contrat attribu\u00e9 : EQOS Energie a enregistr\u00e9 une importante commande de VERBUND pour la distribution auxiliaire de la centrale \u00e9lectrique du Danube \u00e0 Ottensheim-Wilhering"},"content":{"rendered":"\n<ul class=\"wp-block-list\">\n<li><em>Plusieurs ann\u00e9es de r\u00e9habilitation de neuf groupes de machines et de trois unit\u00e9s de centrales \u00e9lectriques en fonctionnement.<\/em><\/li>\n<\/ul>\n\n\n\n<p>EQOS Energie a obtenu un contrat de VERBUND Hydro Power GmbH, une filiale de la plus grande compagnie d&#8217;\u00e9lectricit\u00e9 autrichienne VERBUND AG, pour la distribution d&#8217;\u00e9nergie auxiliaire dans la centrale \u00e9lectrique du Danube en Haute-Autriche, Ottensheim-Wilhering. Le contrat comprend la r\u00e9habilitation et le renouvellement complet du syst\u00e8me de distribution auxiliaire n\u00e9cessaire aux turbines des centrales \u00e9lectriques. D&#8217;autres composants des groupes de machines seront \u00e9galement restaur\u00e9s, tels que les g\u00e9n\u00e9rateurs et les turbines. VERBUND assurera le fonctionnement normal de la centrale \u00e9lectrique. Le projet, qui a \u00e9t\u00e9 lanc\u00e9 en octobre de cette ann\u00e9e, durera neuf ans. L&#8217;ach\u00e8vement est pr\u00e9vu pour le d\u00e9but de l&#8217;ann\u00e9e 2029.<\/p>\n\n\n\n<p>&#8220;La centrale \u00e9lectrique danubienne de Ottensheim-Wilhering occupe une position tr\u00e8s centrale pour l&#8217;approvisionnement \u00e9nerg\u00e9tique autrichien. Gr\u00e2ce au vaste travail de r\u00e9habilitation qui va \u00eatre r\u00e9alis\u00e9, nous contribuerons \u00e0 garantir l&#8217;importance \u00e9conomique et strat\u00e9gique de la centrale \u00e9lectrique pour les d\u00e9cennies \u00e0 venir et \u00e0 l&#8217;\u00e9tendre encore davantage. Nous sommes d&#8217;autant plus fiers d&#8217;avoir gagn\u00e9 la confiance du client une fois de plus et surtout pour ce projet d&#8217;envergure&#8221;, d\u00e9clare Markus Mairhofer, chef de la division des sous-stations autrichiennes chez EQOS Energie, \u00e0 propos de l&#8217;attribution du projet.<\/p>\n\n\n\n<h2 class=\"has-medium-font-size wp-block-heading\"><strong>Attribution du contrat : l&#8217;exp\u00e9rience et la comp\u00e9tence sont d\u00e9terminantes<\/strong><\/h2>\n\n\n\n<p>La distribution d&#8217;\u00e9nergie auxiliaire joue un r\u00f4le cl\u00e9 dans la fonctionnalit\u00e9 des centrales \u00e9lectriques. Elle coordonne notamment les processus de refroidissement et de lubrification des turbines des centrales \u00e9lectriques et assure la performance et la fiabilit\u00e9 de la centrale. \u00c0 la centrale \u00e9lectrique du Danube de Ottensheim-Wilhering, EQOS Energie assurera la distribution de l&#8217;\u00e9nergie auxiliaire pour un total de neuf groupes de machines et trois unit\u00e9s de centrales \u00e9lectriques et s&#8217;occupera du c\u00e2blage p\u00e9riph\u00e9rique associ\u00e9 Chaque ann\u00e9e, un groupe de machines sera compl\u00e9t\u00e9 et l\u2019ensemble sera int\u00e9gr\u00e9 dans l\u2019installation existante.<\/p>\n\n\n\n<p>&#8220;Pendant que nous proc\u00e9dons \u00e0 la r\u00e9habilitation compl\u00e8te des diff\u00e9rents groupes de machines, la centrale \u00e9lectrique restera, \u00e0 tout moment, pleinement fonctionnelle. Cela n\u00e9cessite une coordination parfaite des horaires et des proc\u00e9dures avec les autres corps de m\u00e9tiers afin de reconnecter \u00e0 temps chaque groupe de machines au r\u00e9seau haute tension. Cette exp\u00e9rience et cette comp\u00e9tence, dont nous disposons dans les travaux complexes \u00e0 grande \u00e9chelle impliquant des centrales \u00e9lectriques existantes, ont convaincu le client et ont \u00e9t\u00e9 d\u00e9cisives pour l&#8217;attribution du contrat&#8221;, explique M. Mairhofer.<\/p>\n\n\n\n<h2 class=\"has-medium-font-size wp-block-heading\"><strong>Gros travaux secondaires : premier ach\u00e8vement d\u00e8s avril 2021<\/strong><\/h2>\n\n\n\n<p>EQOS Energie ach\u00e8vera la premi\u00e8re s\u00e9rie de groupes de machines d\u00e8s avril 2021. Le signal de d\u00e9part de la n\u00e9cessaire r\u00e9habilitation du premier syst\u00e8me de distribution d&#8217;\u00e9nergie auxiliaire a \u00e9t\u00e9 donn\u00e9 en octobre 2020. La premi\u00e8re \u00e9tape sera le d\u00e9mant\u00e8lement de l&#8217;ancien syst\u00e8me. Ensuite, l&#8217;\u00e9quipe de sp\u00e9cialistes de EQOS Energie effectuera tous les travaux secondaires, tels que la planification, le nouveau c\u00e2blage ainsi que l&#8217;installation de nouvelles armoires \u00e9lectriques haut de gamme en technologie enti\u00e8rement enfichables. La mise en service sera ensuite effectu\u00e9e en collaboration avec d&#8217;autres corps de m\u00e9tier et le client VERBUND Hydro Power GmbH.<\/p>\n\n\n\n<div class=\"content-block has-media\">\n<div class=\"font-body-default content-text\">\n<p>Photo: VERBUND<\/p>\n<\/div>\n<\/div>\n\n\n\n<div class=\"content-gallery hidden-xs\">\n<figure><img fetchpriority=\"high\" decoding=\"async\" class=\"alignnone size-medium wp-image-10618\" src=\"https:\/\/eqos-gruppe.com\/wp-content\/uploads\/2022\/02\/News_Laufkraftwerk-Ottensheim-1364x818-1-300x180.jpg\" alt=\"\" width=\"300\" height=\"180\" srcset=\"https:\/\/eqos-gruppe.com\/wp-content\/uploads\/2022\/02\/News_Laufkraftwerk-Ottensheim-1364x818-1-300x180.jpg 300w, https:\/\/eqos-gruppe.com\/wp-content\/uploads\/2022\/02\/News_Laufkraftwerk-Ottensheim-1364x818-1-1024x614.jpg 1024w, https:\/\/eqos-gruppe.com\/wp-content\/uploads\/2022\/02\/News_Laufkraftwerk-Ottensheim-1364x818-1-768x461.jpg 768w, https:\/\/eqos-gruppe.com\/wp-content\/uploads\/2022\/02\/News_Laufkraftwerk-Ottensheim-1364x818-1-600x360.jpg 600w, https:\/\/eqos-gruppe.com\/wp-content\/uploads\/2022\/02\/News_Laufkraftwerk-Ottensheim-1364x818-1.jpg 1364w\" sizes=\"(max-width: 300px) 100vw, 300px\" \/><\/figure><div id=\"content-gallery-nav\" class=\"content-gallery-nav\"><\/div>\n<\/div>\n","protected":false},"excerpt":{"rendered":"<p>Plusieurs ann\u00e9es de r\u00e9habilitation de neuf groupes de machines et de trois unit\u00e9s de centrales \u00e9lectriques en fonctionnement.<\/p>\n","protected":false},"featured_media":13844,"template":"","meta":{"_acf_changed":false,"footnotes":""},"categories":[230],"tags":[261,249,270,231,269],"class_list":["post-15772","pressemitteilung","type-pressemitteilung","status-publish","has-post-thumbnail","hentry","category-technologie-denergie","tag-eqos-energie-fr","tag-news-fr","tag-revitalisation-fr","tag-technologie-denergie","tag-verbund-fr","nt-post-class","","masonry-item","col-lg-4"],"acf":[],"yoast_head":"<!-- This site is optimized with the Yoast SEO plugin v27.3 - https:\/\/yoast.com\/product\/yoast-seo-wordpress\/ -->\n<title>Nouveau contrat attribu\u00e9 : EQOS Energie a enregistr\u00e9 une importante commande de VERBUND pour la distribution auxiliaire de la centrale \u00e9lectrique du Danube \u00e0 Ottensheim-Wilhering - EQOS Gruppe<\/title>\n<meta name=\"robots\" content=\"index, follow, max-snippet:-1, max-image-preview:large, max-video-preview:-1\" \/>\n<link rel=\"canonical\" href=\"https:\/\/eqos-gruppe.com\/fr\/communique-de-presse\/nouveau-contrat-attribue-eqos-energie-a-enregistre-une-importante-commande-de-verbund-pour-la-distribution-auxiliaire-de-la-centrale-electrique-du-danube-a-ottensheim-wilhering\/\" \/>\n<meta property=\"og:locale\" content=\"fr_FR\" \/>\n<meta property=\"og:type\" content=\"article\" \/>\n<meta property=\"og:title\" content=\"Nouveau contrat attribu\u00e9 : EQOS Energie a enregistr\u00e9 une importante commande de VERBUND pour la distribution auxiliaire de la centrale \u00e9lectrique du Danube \u00e0 Ottensheim-Wilhering - EQOS Gruppe\" \/>\n<meta property=\"og:description\" content=\"Plusieurs ann\u00e9es de r\u00e9habilitation de neuf groupes de machines et de trois unit\u00e9s de centrales \u00e9lectriques en fonctionnement.\" \/>\n<meta property=\"og:url\" content=\"https:\/\/eqos-gruppe.com\/fr\/communique-de-presse\/nouveau-contrat-attribue-eqos-energie-a-enregistre-une-importante-commande-de-verbund-pour-la-distribution-auxiliaire-de-la-centrale-electrique-du-danube-a-ottensheim-wilhering\/\" \/>\n<meta property=\"og:site_name\" content=\"EQOS Gruppe\" \/>\n<meta property=\"article:modified_time\" content=\"2023-02-06T07:53:51+00:00\" \/>\n<meta property=\"og:image\" content=\"https:\/\/eqos-gruppe.com\/wp-content\/uploads\/2020\/12\/presse-VERBUND.jpg\" \/>\n\t<meta property=\"og:image:width\" content=\"1920\" \/>\n\t<meta property=\"og:image:height\" content=\"768\" \/>\n\t<meta property=\"og:image:type\" content=\"image\/jpeg\" \/>\n<meta name=\"twitter:card\" content=\"summary_large_image\" \/>\n<meta name=\"twitter:label1\" content=\"Dur\u00e9e de lecture estim\u00e9e\" \/>\n\t<meta name=\"twitter:data1\" content=\"3 minutes\" \/>\n<script type=\"application\/ld+json\" class=\"yoast-schema-graph\">{\"@context\":\"https:\\\/\\\/schema.org\",\"@graph\":[{\"@type\":\"WebPage\",\"@id\":\"https:\\\/\\\/eqos-gruppe.com\\\/fr\\\/communique-de-presse\\\/nouveau-contrat-attribue-eqos-energie-a-enregistre-une-importante-commande-de-verbund-pour-la-distribution-auxiliaire-de-la-centrale-electrique-du-danube-a-ottensheim-wilhering\\\/\",\"url\":\"https:\\\/\\\/eqos-gruppe.com\\\/fr\\\/communique-de-presse\\\/nouveau-contrat-attribue-eqos-energie-a-enregistre-une-importante-commande-de-verbund-pour-la-distribution-auxiliaire-de-la-centrale-electrique-du-danube-a-ottensheim-wilhering\\\/\",\"name\":\"Nouveau contrat attribu\u00e9 : EQOS Energie a enregistr\u00e9 une importante commande de VERBUND pour la distribution auxiliaire de la centrale \u00e9lectrique du Danube \u00e0 Ottensheim-Wilhering - EQOS Gruppe\",\"isPartOf\":{\"@id\":\"https:\\\/\\\/eqos-gruppe.com\\\/fr\\\/#website\"},\"primaryImageOfPage\":{\"@id\":\"https:\\\/\\\/eqos-gruppe.com\\\/fr\\\/communique-de-presse\\\/nouveau-contrat-attribue-eqos-energie-a-enregistre-une-importante-commande-de-verbund-pour-la-distribution-auxiliaire-de-la-centrale-electrique-du-danube-a-ottensheim-wilhering\\\/#primaryimage\"},\"image\":{\"@id\":\"https:\\\/\\\/eqos-gruppe.com\\\/fr\\\/communique-de-presse\\\/nouveau-contrat-attribue-eqos-energie-a-enregistre-une-importante-commande-de-verbund-pour-la-distribution-auxiliaire-de-la-centrale-electrique-du-danube-a-ottensheim-wilhering\\\/#primaryimage\"},\"thumbnailUrl\":\"https:\\\/\\\/eqos-gruppe.com\\\/wp-content\\\/uploads\\\/2020\\\/12\\\/presse-VERBUND.jpg\",\"datePublished\":\"2020-12-03T08:00:00+00:00\",\"dateModified\":\"2023-02-06T07:53:51+00:00\",\"breadcrumb\":{\"@id\":\"https:\\\/\\\/eqos-gruppe.com\\\/fr\\\/communique-de-presse\\\/nouveau-contrat-attribue-eqos-energie-a-enregistre-une-importante-commande-de-verbund-pour-la-distribution-auxiliaire-de-la-centrale-electrique-du-danube-a-ottensheim-wilhering\\\/#breadcrumb\"},\"inLanguage\":\"fr-FR\",\"potentialAction\":[{\"@type\":\"ReadAction\",\"target\":[\"https:\\\/\\\/eqos-gruppe.com\\\/fr\\\/communique-de-presse\\\/nouveau-contrat-attribue-eqos-energie-a-enregistre-une-importante-commande-de-verbund-pour-la-distribution-auxiliaire-de-la-centrale-electrique-du-danube-a-ottensheim-wilhering\\\/\"]}]},{\"@type\":\"ImageObject\",\"inLanguage\":\"fr-FR\",\"@id\":\"https:\\\/\\\/eqos-gruppe.com\\\/fr\\\/communique-de-presse\\\/nouveau-contrat-attribue-eqos-energie-a-enregistre-une-importante-commande-de-verbund-pour-la-distribution-auxiliaire-de-la-centrale-electrique-du-danube-a-ottensheim-wilhering\\\/#primaryimage\",\"url\":\"https:\\\/\\\/eqos-gruppe.com\\\/wp-content\\\/uploads\\\/2020\\\/12\\\/presse-VERBUND.jpg\",\"contentUrl\":\"https:\\\/\\\/eqos-gruppe.com\\\/wp-content\\\/uploads\\\/2020\\\/12\\\/presse-VERBUND.jpg\",\"width\":1920,\"height\":768,\"caption\":\"EQOS Presse VERBUND\"},{\"@type\":\"BreadcrumbList\",\"@id\":\"https:\\\/\\\/eqos-gruppe.com\\\/fr\\\/communique-de-presse\\\/nouveau-contrat-attribue-eqos-energie-a-enregistre-une-importante-commande-de-verbund-pour-la-distribution-auxiliaire-de-la-centrale-electrique-du-danube-a-ottensheim-wilhering\\\/#breadcrumb\",\"itemListElement\":[{\"@type\":\"ListItem\",\"position\":1,\"name\":\"Home\",\"item\":\"https:\\\/\\\/eqos-gruppe.com\\\/fr\\\/\"},{\"@type\":\"ListItem\",\"position\":2,\"name\":\"Communiqu\u00e9s de presse\",\"item\":\"https:\\\/\\\/eqos-gruppe.com\\\/fr\\\/communique-de-presse\\\/\"},{\"@type\":\"ListItem\",\"position\":3,\"name\":\"Nouveau contrat attribu\u00e9 : EQOS Energie a enregistr\u00e9 une importante commande de VERBUND pour la distribution auxiliaire de la centrale \u00e9lectrique du Danube \u00e0 Ottensheim-Wilhering\"}]},{\"@type\":\"WebSite\",\"@id\":\"https:\\\/\\\/eqos-gruppe.com\\\/fr\\\/#website\",\"url\":\"https:\\\/\\\/eqos-gruppe.com\\\/fr\\\/\",\"name\":\"EQOS Gruppe\",\"description\":\"\",\"publisher\":{\"@id\":\"https:\\\/\\\/eqos-gruppe.com\\\/fr\\\/#organization\"},\"potentialAction\":[{\"@type\":\"SearchAction\",\"target\":{\"@type\":\"EntryPoint\",\"urlTemplate\":\"https:\\\/\\\/eqos-gruppe.com\\\/fr\\\/?s={search_term_string}\"},\"query-input\":{\"@type\":\"PropertyValueSpecification\",\"valueRequired\":true,\"valueName\":\"search_term_string\"}}],\"inLanguage\":\"fr-FR\"},{\"@type\":\"Organization\",\"@id\":\"https:\\\/\\\/eqos-gruppe.com\\\/fr\\\/#organization\",\"name\":\"EQOS Gruppe\",\"url\":\"https:\\\/\\\/eqos-gruppe.com\\\/fr\\\/\",\"logo\":{\"@type\":\"ImageObject\",\"inLanguage\":\"fr-FR\",\"@id\":\"https:\\\/\\\/eqos-gruppe.com\\\/fr\\\/#\\\/schema\\\/logo\\\/image\\\/\",\"url\":\"https:\\\/\\\/eqos-gruppe.com\\\/wp-content\\\/uploads\\\/2021\\\/11\\\/eqos-logo.svg\",\"contentUrl\":\"https:\\\/\\\/eqos-gruppe.com\\\/wp-content\\\/uploads\\\/2021\\\/11\\\/eqos-logo.svg\",\"caption\":\"EQOS Gruppe\"},\"image\":{\"@id\":\"https:\\\/\\\/eqos-gruppe.com\\\/fr\\\/#\\\/schema\\\/logo\\\/image\\\/\"}}]}<\/script>\n<!-- \/ Yoast SEO plugin. -->","yoast_head_json":{"title":"Nouveau contrat attribu\u00e9 : EQOS Energie a enregistr\u00e9 une importante commande de VERBUND pour la distribution auxiliaire de la centrale \u00e9lectrique du Danube \u00e0 Ottensheim-Wilhering - EQOS Gruppe","robots":{"index":"index","follow":"follow","max-snippet":"max-snippet:-1","max-image-preview":"max-image-preview:large","max-video-preview":"max-video-preview:-1"},"canonical":"https:\/\/eqos-gruppe.com\/fr\/communique-de-presse\/nouveau-contrat-attribue-eqos-energie-a-enregistre-une-importante-commande-de-verbund-pour-la-distribution-auxiliaire-de-la-centrale-electrique-du-danube-a-ottensheim-wilhering\/","og_locale":"fr_FR","og_type":"article","og_title":"Nouveau contrat attribu\u00e9 : EQOS Energie a enregistr\u00e9 une importante commande de VERBUND pour la distribution auxiliaire de la centrale \u00e9lectrique du Danube \u00e0 Ottensheim-Wilhering - EQOS Gruppe","og_description":"Plusieurs ann\u00e9es de r\u00e9habilitation de neuf groupes de machines et de trois unit\u00e9s de centrales \u00e9lectriques en fonctionnement.","og_url":"https:\/\/eqos-gruppe.com\/fr\/communique-de-presse\/nouveau-contrat-attribue-eqos-energie-a-enregistre-une-importante-commande-de-verbund-pour-la-distribution-auxiliaire-de-la-centrale-electrique-du-danube-a-ottensheim-wilhering\/","og_site_name":"EQOS Gruppe","article_modified_time":"2023-02-06T07:53:51+00:00","og_image":[{"width":1920,"height":768,"url":"https:\/\/eqos-gruppe.com\/wp-content\/uploads\/2020\/12\/presse-VERBUND.jpg","type":"image\/jpeg"}],"twitter_card":"summary_large_image","twitter_misc":{"Dur\u00e9e de lecture estim\u00e9e":"3 minutes"},"schema":{"@context":"https:\/\/schema.org","@graph":[{"@type":"WebPage","@id":"https:\/\/eqos-gruppe.com\/fr\/communique-de-presse\/nouveau-contrat-attribue-eqos-energie-a-enregistre-une-importante-commande-de-verbund-pour-la-distribution-auxiliaire-de-la-centrale-electrique-du-danube-a-ottensheim-wilhering\/","url":"https:\/\/eqos-gruppe.com\/fr\/communique-de-presse\/nouveau-contrat-attribue-eqos-energie-a-enregistre-une-importante-commande-de-verbund-pour-la-distribution-auxiliaire-de-la-centrale-electrique-du-danube-a-ottensheim-wilhering\/","name":"Nouveau contrat attribu\u00e9 : EQOS Energie a enregistr\u00e9 une importante commande de VERBUND pour la distribution auxiliaire de la centrale \u00e9lectrique du Danube \u00e0 Ottensheim-Wilhering - EQOS Gruppe","isPartOf":{"@id":"https:\/\/eqos-gruppe.com\/fr\/#website"},"primaryImageOfPage":{"@id":"https:\/\/eqos-gruppe.com\/fr\/communique-de-presse\/nouveau-contrat-attribue-eqos-energie-a-enregistre-une-importante-commande-de-verbund-pour-la-distribution-auxiliaire-de-la-centrale-electrique-du-danube-a-ottensheim-wilhering\/#primaryimage"},"image":{"@id":"https:\/\/eqos-gruppe.com\/fr\/communique-de-presse\/nouveau-contrat-attribue-eqos-energie-a-enregistre-une-importante-commande-de-verbund-pour-la-distribution-auxiliaire-de-la-centrale-electrique-du-danube-a-ottensheim-wilhering\/#primaryimage"},"thumbnailUrl":"https:\/\/eqos-gruppe.com\/wp-content\/uploads\/2020\/12\/presse-VERBUND.jpg","datePublished":"2020-12-03T08:00:00+00:00","dateModified":"2023-02-06T07:53:51+00:00","breadcrumb":{"@id":"https:\/\/eqos-gruppe.com\/fr\/communique-de-presse\/nouveau-contrat-attribue-eqos-energie-a-enregistre-une-importante-commande-de-verbund-pour-la-distribution-auxiliaire-de-la-centrale-electrique-du-danube-a-ottensheim-wilhering\/#breadcrumb"},"inLanguage":"fr-FR","potentialAction":[{"@type":"ReadAction","target":["https:\/\/eqos-gruppe.com\/fr\/communique-de-presse\/nouveau-contrat-attribue-eqos-energie-a-enregistre-une-importante-commande-de-verbund-pour-la-distribution-auxiliaire-de-la-centrale-electrique-du-danube-a-ottensheim-wilhering\/"]}]},{"@type":"ImageObject","inLanguage":"fr-FR","@id":"https:\/\/eqos-gruppe.com\/fr\/communique-de-presse\/nouveau-contrat-attribue-eqos-energie-a-enregistre-une-importante-commande-de-verbund-pour-la-distribution-auxiliaire-de-la-centrale-electrique-du-danube-a-ottensheim-wilhering\/#primaryimage","url":"https:\/\/eqos-gruppe.com\/wp-content\/uploads\/2020\/12\/presse-VERBUND.jpg","contentUrl":"https:\/\/eqos-gruppe.com\/wp-content\/uploads\/2020\/12\/presse-VERBUND.jpg","width":1920,"height":768,"caption":"EQOS Presse VERBUND"},{"@type":"BreadcrumbList","@id":"https:\/\/eqos-gruppe.com\/fr\/communique-de-presse\/nouveau-contrat-attribue-eqos-energie-a-enregistre-une-importante-commande-de-verbund-pour-la-distribution-auxiliaire-de-la-centrale-electrique-du-danube-a-ottensheim-wilhering\/#breadcrumb","itemListElement":[{"@type":"ListItem","position":1,"name":"Home","item":"https:\/\/eqos-gruppe.com\/fr\/"},{"@type":"ListItem","position":2,"name":"Communiqu\u00e9s de presse","item":"https:\/\/eqos-gruppe.com\/fr\/communique-de-presse\/"},{"@type":"ListItem","position":3,"name":"Nouveau contrat attribu\u00e9 : EQOS Energie a enregistr\u00e9 une importante commande de VERBUND pour la distribution auxiliaire de la centrale \u00e9lectrique du Danube \u00e0 Ottensheim-Wilhering"}]},{"@type":"WebSite","@id":"https:\/\/eqos-gruppe.com\/fr\/#website","url":"https:\/\/eqos-gruppe.com\/fr\/","name":"EQOS Gruppe","description":"","publisher":{"@id":"https:\/\/eqos-gruppe.com\/fr\/#organization"},"potentialAction":[{"@type":"SearchAction","target":{"@type":"EntryPoint","urlTemplate":"https:\/\/eqos-gruppe.com\/fr\/?s={search_term_string}"},"query-input":{"@type":"PropertyValueSpecification","valueRequired":true,"valueName":"search_term_string"}}],"inLanguage":"fr-FR"},{"@type":"Organization","@id":"https:\/\/eqos-gruppe.com\/fr\/#organization","name":"EQOS Gruppe","url":"https:\/\/eqos-gruppe.com\/fr\/","logo":{"@type":"ImageObject","inLanguage":"fr-FR","@id":"https:\/\/eqos-gruppe.com\/fr\/#\/schema\/logo\/image\/","url":"https:\/\/eqos-gruppe.com\/wp-content\/uploads\/2021\/11\/eqos-logo.svg","contentUrl":"https:\/\/eqos-gruppe.com\/wp-content\/uploads\/2021\/11\/eqos-logo.svg","caption":"EQOS Gruppe"},"image":{"@id":"https:\/\/eqos-gruppe.com\/fr\/#\/schema\/logo\/image\/"}}]}},"_links":{"self":[{"href":"https:\/\/eqos-gruppe.com\/fr\/wp-json\/wp\/v2\/pressemitteilung\/15772","targetHints":{"allow":["GET"]}}],"collection":[{"href":"https:\/\/eqos-gruppe.com\/fr\/wp-json\/wp\/v2\/pressemitteilung"}],"about":[{"href":"https:\/\/eqos-gruppe.com\/fr\/wp-json\/wp\/v2\/types\/pressemitteilung"}],"version-history":[{"count":0,"href":"https:\/\/eqos-gruppe.com\/fr\/wp-json\/wp\/v2\/pressemitteilung\/15772\/revisions"}],"wp:featuredmedia":[{"embeddable":true,"href":"https:\/\/eqos-gruppe.com\/fr\/wp-json\/wp\/v2\/media\/13844"}],"wp:attachment":[{"href":"https:\/\/eqos-gruppe.com\/fr\/wp-json\/wp\/v2\/media?parent=15772"}],"wp:term":[{"taxonomy":"category","embeddable":true,"href":"https:\/\/eqos-gruppe.com\/fr\/wp-json\/wp\/v2\/categories?post=15772"},{"taxonomy":"post_tag","embeddable":true,"href":"https:\/\/eqos-gruppe.com\/fr\/wp-json\/wp\/v2\/tags?post=15772"}],"curies":[{"name":"wp","href":"https:\/\/api.w.org\/{rel}","templated":true}]}}