{"id":15741,"date":"2021-09-16T09:00:00","date_gmt":"2021-09-16T08:00:00","guid":{"rendered":"https:\/\/eqos-gruppe.com\/pressemitteilung\/attribution-de-marche-eqos-energie-renouvelle-15-kilometres-de-lignes-doubles-pour-netz-niederoesterreich\/"},"modified":"2023-02-06T08:47:38","modified_gmt":"2023-02-06T07:47:38","slug":"attribution-de-marche-eqos-energie-renouvelle-15-kilometres-de-lignes-doubles-pour-netz-niederoesterreich","status":"publish","type":"pressemitteilung","link":"https:\/\/eqos-gruppe.com\/fr\/communique-de-presse\/attribution-de-marche-eqos-energie-renouvelle-15-kilometres-de-lignes-doubles-pour-netz-niederoesterreich\/","title":{"rendered":"Attribution de march\u00e9: EQOS Energie renouvelle 15 kilom\u00e8tres de lignes doubles pour Netz Nieder\u00f6sterreich"},"content":{"rendered":"\n<ul class=\"wp-block-list\">\n<li><em>EQOS Energie \u00fcbernimmt Ersatzneubau der Doppelleitungen zwischen Umspannwerken Deutsch Altenburg und Lassee.<\/em><\/li>\n<\/ul>\n\n\n\n<p>EQOS Energie s&#8217;est vu confier par Netz Nieder\u00f6sterreich GmbH le march\u00e9 pour le renouvellement des lignes doubles entre les sous-stations de Deutsch Altenburg et de Lassee. Le projet, d&#8217;un montant de 7,5 millions d&#8217;euros, a d\u00e9but\u00e9 en f\u00e9vrier 2021 et devrait s&#8217;achever \u00e0 la fin du mois de septembre 2022. Pendant les travaux, les experts en construction de <a href=\"https:\/\/eqos-energie.com\/freileitung\">lignes a\u00e9riennes<\/a> de EQOS Energie superviseront la construction de remplacement de la ligne doubles 110 kV Deutsch Altenburg-Lassee sur une distance de 15 kilom\u00e8tres. Le projet comprend \u00e9galement la reconnexion de la ligne 110 kV Lasse-Untersiebenbrunn, qui s&#8217;\u00e9tend sur 800 m\u00e8tres et sera achemin\u00e9e vers la future sous-station de Lassee.<\/p>\n\n\n\n<h2 class=\"has-medium-font-size wp-block-heading\"><strong>Exigences particuli\u00e8res pour la protection de l&#8217;arch\u00e9ologie et de la nature<\/strong><\/h2>\n\n\n\n<p>La construction de remplacement exige le plus grand soin \u00e0 plusieurs \u00e9gards et est soumise \u00e0 des conditions particuli\u00e8rement strictes. La ligne double, longue de 15 kilom\u00e8tres, traverse la ville de Petronell-Carnuntum, connue pour ses fouilles romaines.<\/p>\n\n\n\n<p>Par cons\u00e9quent, dans cette section, o\u00f9 se trouvent \u00e0 la fois le trac\u00e9 de lignes existant ainsi que le nouveau, des conditions sp\u00e9ciales s&#8217;appliquent pour la protection des biens culturels arch\u00e9ologiques. L&#8217;itin\u00e9raire restant traverse presque enti\u00e8rement la r\u00e9serve naturelle du parc national de \u00ab Donau-Auen \u00bb, d&#8217;une superficie de 9 600 hectares, qui prot\u00e8ge l&#8217;une des derni\u00e8res grandes plaines alluviales non am\u00e9nag\u00e9es d&#8217;Europe centrale.<\/p>\n\n\n\n<p><strong>Gerald Adelsgruber, responsable du Profit Center autrichien pour la construction de lignes a\u00e9riennes chez EQOS Energie :<\/strong> &#8220;Les trac\u00e9s qui traversent des zones aussi sensibles n\u00e9cessitent une planification extr\u00eamement minutieuse et pr\u00e9cise afin de prendre en compte une vari\u00e9t\u00e9 de facteurs \u2013 allant des conditions de sol respectives jusqu\u2019aux p\u00e9riodes de reproduction d&#8217;esp\u00e8ces d&#8217;oiseaux rares dans le parc national. Par cons\u00e9quent, des exigences particuli\u00e8rement strictes en mati\u00e8re de conservation de la nature et de protection des monuments s&#8217;appliquent. La planification des projets se fait donc en \u00e9troite coordination avec toutes les autorit\u00e9s et n\u00e9cessite une planification \u00e0 particuli\u00e8rement long terme.&#8221;<\/p>\n\n\n\n<p>Les eaux souterraines jouent \u00e9galement un r\u00f4le important dans la r\u00e9alisation des projets, notamment lors des travaux de fondation. Cependant, les \u00e9quipes de Adelsgruber connaissent tr\u00e8s bien cette situation : Gr\u00e2ce \u00e0 leurs nombreux projets transfrontaliers, ils ont une grande exp\u00e9rience des mesures \u00e0 prendre pour abaisser de nouveau les eaux souterraines en toute s\u00e9curit\u00e9. &#8220;La p\u00e9n\u00e9tration des eaux souterraines peut nuire \u00e0 l&#8217;avancement des travaux. C&#8217;est pourquoi nous veillons \u00e0 maintenir le niveau de la nappe phr\u00e9atique dans la fosse, par exemple en mettant en place un syst\u00e8me d&#8217;ass\u00e8chement et un renforcement suppl\u00e9mentaire de la fosse&#8221;, ajoute Adelsgruber.<\/p>\n","protected":false},"excerpt":{"rendered":"<p>EQOS Energie prend en charge la construction de nouvelles lignes doubles entre les sous-stations Deutsch Altenburg et Lassee.<\/p>\n","protected":false},"featured_media":13779,"template":"","meta":{"_acf_changed":false,"footnotes":""},"categories":[250],"tags":[254,255,257,256,249],"class_list":["post-15741","pressemitteilung","type-pressemitteilung","status-publish","has-post-thumbnail","hentry","category-construction-de-lignes-aeriennes","tag-construction-de-lignes-aeriennes","tag-lignes-aeriennes","tag-lignes-doubles","tag-netz-niederoesterreich-fr","tag-news-fr","nt-post-class","","masonry-item","col-lg-4"],"acf":[],"yoast_head":"<!-- This site is optimized with the Yoast SEO plugin v27.3 - https:\/\/yoast.com\/product\/yoast-seo-wordpress\/ -->\n<title>Attribution de march\u00e9: EQOS Energie renouvelle 15 kilom\u00e8tres de lignes doubles pour Netz Nieder\u00f6sterreich<\/title>\n<meta name=\"description\" content=\"EQOS Energie prend en charge la construction de nouvelles lignes doubles entre les sous-stations Deutsch Altenburg et Lassee.\" \/>\n<meta name=\"robots\" content=\"index, follow, max-snippet:-1, max-image-preview:large, max-video-preview:-1\" \/>\n<link rel=\"canonical\" href=\"https:\/\/eqos-gruppe.com\/fr\/communique-de-presse\/attribution-de-marche-eqos-energie-renouvelle-15-kilometres-de-lignes-doubles-pour-netz-niederoesterreich\/\" \/>\n<meta property=\"og:locale\" content=\"fr_FR\" \/>\n<meta property=\"og:type\" content=\"article\" \/>\n<meta property=\"og:title\" content=\"Attribution de march\u00e9: EQOS Energie renouvelle 15 kilom\u00e8tres de lignes doubles pour Netz Nieder\u00f6sterreich\" \/>\n<meta property=\"og:description\" content=\"EQOS Energie prend en charge la construction de nouvelles lignes doubles entre les sous-stations Deutsch Altenburg et Lassee.\" \/>\n<meta property=\"og:url\" content=\"https:\/\/eqos-gruppe.com\/fr\/communique-de-presse\/attribution-de-marche-eqos-energie-renouvelle-15-kilometres-de-lignes-doubles-pour-netz-niederoesterreich\/\" \/>\n<meta property=\"og:site_name\" content=\"EQOS Gruppe\" \/>\n<meta property=\"article:modified_time\" content=\"2023-02-06T07:47:38+00:00\" \/>\n<meta property=\"og:image\" content=\"https:\/\/eqos-gruppe.com\/wp-content\/uploads\/2021\/09\/presse-netz-niederoesterreich.jpg\" \/>\n\t<meta property=\"og:image:width\" content=\"1920\" \/>\n\t<meta property=\"og:image:height\" content=\"768\" \/>\n\t<meta property=\"og:image:type\" content=\"image\/jpeg\" \/>\n<meta name=\"twitter:card\" content=\"summary_large_image\" \/>\n<meta name=\"twitter:label1\" content=\"Dur\u00e9e de lecture estim\u00e9e\" \/>\n\t<meta name=\"twitter:data1\" content=\"2 minutes\" \/>\n<script type=\"application\/ld+json\" class=\"yoast-schema-graph\">{\"@context\":\"https:\\\/\\\/schema.org\",\"@graph\":[{\"@type\":\"WebPage\",\"@id\":\"https:\\\/\\\/eqos-gruppe.com\\\/fr\\\/communique-de-presse\\\/attribution-de-marche-eqos-energie-renouvelle-15-kilometres-de-lignes-doubles-pour-netz-niederoesterreich\\\/\",\"url\":\"https:\\\/\\\/eqos-gruppe.com\\\/fr\\\/communique-de-presse\\\/attribution-de-marche-eqos-energie-renouvelle-15-kilometres-de-lignes-doubles-pour-netz-niederoesterreich\\\/\",\"name\":\"Attribution de march\u00e9: EQOS Energie renouvelle 15 kilom\u00e8tres de lignes doubles pour Netz Nieder\u00f6sterreich\",\"isPartOf\":{\"@id\":\"https:\\\/\\\/eqos-gruppe.com\\\/fr\\\/#website\"},\"primaryImageOfPage\":{\"@id\":\"https:\\\/\\\/eqos-gruppe.com\\\/fr\\\/communique-de-presse\\\/attribution-de-marche-eqos-energie-renouvelle-15-kilometres-de-lignes-doubles-pour-netz-niederoesterreich\\\/#primaryimage\"},\"image\":{\"@id\":\"https:\\\/\\\/eqos-gruppe.com\\\/fr\\\/communique-de-presse\\\/attribution-de-marche-eqos-energie-renouvelle-15-kilometres-de-lignes-doubles-pour-netz-niederoesterreich\\\/#primaryimage\"},\"thumbnailUrl\":\"https:\\\/\\\/eqos-gruppe.com\\\/wp-content\\\/uploads\\\/2021\\\/09\\\/presse-netz-niederoesterreich.jpg\",\"datePublished\":\"2021-09-16T08:00:00+00:00\",\"dateModified\":\"2023-02-06T07:47:38+00:00\",\"description\":\"EQOS Energie prend en charge la construction de nouvelles lignes doubles entre les sous-stations Deutsch Altenburg et Lassee.\",\"breadcrumb\":{\"@id\":\"https:\\\/\\\/eqos-gruppe.com\\\/fr\\\/communique-de-presse\\\/attribution-de-marche-eqos-energie-renouvelle-15-kilometres-de-lignes-doubles-pour-netz-niederoesterreich\\\/#breadcrumb\"},\"inLanguage\":\"fr-FR\",\"potentialAction\":[{\"@type\":\"ReadAction\",\"target\":[\"https:\\\/\\\/eqos-gruppe.com\\\/fr\\\/communique-de-presse\\\/attribution-de-marche-eqos-energie-renouvelle-15-kilometres-de-lignes-doubles-pour-netz-niederoesterreich\\\/\"]}]},{\"@type\":\"ImageObject\",\"inLanguage\":\"fr-FR\",\"@id\":\"https:\\\/\\\/eqos-gruppe.com\\\/fr\\\/communique-de-presse\\\/attribution-de-marche-eqos-energie-renouvelle-15-kilometres-de-lignes-doubles-pour-netz-niederoesterreich\\\/#primaryimage\",\"url\":\"https:\\\/\\\/eqos-gruppe.com\\\/wp-content\\\/uploads\\\/2021\\\/09\\\/presse-netz-niederoesterreich.jpg\",\"contentUrl\":\"https:\\\/\\\/eqos-gruppe.com\\\/wp-content\\\/uploads\\\/2021\\\/09\\\/presse-netz-niederoesterreich.jpg\",\"width\":1920,\"height\":768,\"caption\":\"EQOS Presse Netz Niederoesterreich\"},{\"@type\":\"BreadcrumbList\",\"@id\":\"https:\\\/\\\/eqos-gruppe.com\\\/fr\\\/communique-de-presse\\\/attribution-de-marche-eqos-energie-renouvelle-15-kilometres-de-lignes-doubles-pour-netz-niederoesterreich\\\/#breadcrumb\",\"itemListElement\":[{\"@type\":\"ListItem\",\"position\":1,\"name\":\"Home\",\"item\":\"https:\\\/\\\/eqos-gruppe.com\\\/fr\\\/\"},{\"@type\":\"ListItem\",\"position\":2,\"name\":\"Communiqu\u00e9s de presse\",\"item\":\"https:\\\/\\\/eqos-gruppe.com\\\/fr\\\/communique-de-presse\\\/\"},{\"@type\":\"ListItem\",\"position\":3,\"name\":\"Attribution de march\u00e9: EQOS Energie renouvelle 15 kilom\u00e8tres de lignes doubles pour Netz Nieder\u00f6sterreich\"}]},{\"@type\":\"WebSite\",\"@id\":\"https:\\\/\\\/eqos-gruppe.com\\\/fr\\\/#website\",\"url\":\"https:\\\/\\\/eqos-gruppe.com\\\/fr\\\/\",\"name\":\"EQOS Gruppe\",\"description\":\"\",\"publisher\":{\"@id\":\"https:\\\/\\\/eqos-gruppe.com\\\/fr\\\/#organization\"},\"potentialAction\":[{\"@type\":\"SearchAction\",\"target\":{\"@type\":\"EntryPoint\",\"urlTemplate\":\"https:\\\/\\\/eqos-gruppe.com\\\/fr\\\/?s={search_term_string}\"},\"query-input\":{\"@type\":\"PropertyValueSpecification\",\"valueRequired\":true,\"valueName\":\"search_term_string\"}}],\"inLanguage\":\"fr-FR\"},{\"@type\":\"Organization\",\"@id\":\"https:\\\/\\\/eqos-gruppe.com\\\/fr\\\/#organization\",\"name\":\"EQOS Gruppe\",\"url\":\"https:\\\/\\\/eqos-gruppe.com\\\/fr\\\/\",\"logo\":{\"@type\":\"ImageObject\",\"inLanguage\":\"fr-FR\",\"@id\":\"https:\\\/\\\/eqos-gruppe.com\\\/fr\\\/#\\\/schema\\\/logo\\\/image\\\/\",\"url\":\"https:\\\/\\\/eqos-gruppe.com\\\/wp-content\\\/uploads\\\/2021\\\/11\\\/eqos-logo.svg\",\"contentUrl\":\"https:\\\/\\\/eqos-gruppe.com\\\/wp-content\\\/uploads\\\/2021\\\/11\\\/eqos-logo.svg\",\"caption\":\"EQOS Gruppe\"},\"image\":{\"@id\":\"https:\\\/\\\/eqos-gruppe.com\\\/fr\\\/#\\\/schema\\\/logo\\\/image\\\/\"}}]}<\/script>\n<!-- \/ Yoast SEO plugin. -->","yoast_head_json":{"title":"Attribution de march\u00e9: EQOS Energie renouvelle 15 kilom\u00e8tres de lignes doubles pour Netz Nieder\u00f6sterreich","description":"EQOS Energie prend en charge la construction de nouvelles lignes doubles entre les sous-stations Deutsch Altenburg et Lassee.","robots":{"index":"index","follow":"follow","max-snippet":"max-snippet:-1","max-image-preview":"max-image-preview:large","max-video-preview":"max-video-preview:-1"},"canonical":"https:\/\/eqos-gruppe.com\/fr\/communique-de-presse\/attribution-de-marche-eqos-energie-renouvelle-15-kilometres-de-lignes-doubles-pour-netz-niederoesterreich\/","og_locale":"fr_FR","og_type":"article","og_title":"Attribution de march\u00e9: EQOS Energie renouvelle 15 kilom\u00e8tres de lignes doubles pour Netz Nieder\u00f6sterreich","og_description":"EQOS Energie prend en charge la construction de nouvelles lignes doubles entre les sous-stations Deutsch Altenburg et Lassee.","og_url":"https:\/\/eqos-gruppe.com\/fr\/communique-de-presse\/attribution-de-marche-eqos-energie-renouvelle-15-kilometres-de-lignes-doubles-pour-netz-niederoesterreich\/","og_site_name":"EQOS Gruppe","article_modified_time":"2023-02-06T07:47:38+00:00","og_image":[{"width":1920,"height":768,"url":"https:\/\/eqos-gruppe.com\/wp-content\/uploads\/2021\/09\/presse-netz-niederoesterreich.jpg","type":"image\/jpeg"}],"twitter_card":"summary_large_image","twitter_misc":{"Dur\u00e9e de lecture estim\u00e9e":"2 minutes"},"schema":{"@context":"https:\/\/schema.org","@graph":[{"@type":"WebPage","@id":"https:\/\/eqos-gruppe.com\/fr\/communique-de-presse\/attribution-de-marche-eqos-energie-renouvelle-15-kilometres-de-lignes-doubles-pour-netz-niederoesterreich\/","url":"https:\/\/eqos-gruppe.com\/fr\/communique-de-presse\/attribution-de-marche-eqos-energie-renouvelle-15-kilometres-de-lignes-doubles-pour-netz-niederoesterreich\/","name":"Attribution de march\u00e9: EQOS Energie renouvelle 15 kilom\u00e8tres de lignes doubles pour Netz Nieder\u00f6sterreich","isPartOf":{"@id":"https:\/\/eqos-gruppe.com\/fr\/#website"},"primaryImageOfPage":{"@id":"https:\/\/eqos-gruppe.com\/fr\/communique-de-presse\/attribution-de-marche-eqos-energie-renouvelle-15-kilometres-de-lignes-doubles-pour-netz-niederoesterreich\/#primaryimage"},"image":{"@id":"https:\/\/eqos-gruppe.com\/fr\/communique-de-presse\/attribution-de-marche-eqos-energie-renouvelle-15-kilometres-de-lignes-doubles-pour-netz-niederoesterreich\/#primaryimage"},"thumbnailUrl":"https:\/\/eqos-gruppe.com\/wp-content\/uploads\/2021\/09\/presse-netz-niederoesterreich.jpg","datePublished":"2021-09-16T08:00:00+00:00","dateModified":"2023-02-06T07:47:38+00:00","description":"EQOS Energie prend en charge la construction de nouvelles lignes doubles entre les sous-stations Deutsch Altenburg et Lassee.","breadcrumb":{"@id":"https:\/\/eqos-gruppe.com\/fr\/communique-de-presse\/attribution-de-marche-eqos-energie-renouvelle-15-kilometres-de-lignes-doubles-pour-netz-niederoesterreich\/#breadcrumb"},"inLanguage":"fr-FR","potentialAction":[{"@type":"ReadAction","target":["https:\/\/eqos-gruppe.com\/fr\/communique-de-presse\/attribution-de-marche-eqos-energie-renouvelle-15-kilometres-de-lignes-doubles-pour-netz-niederoesterreich\/"]}]},{"@type":"ImageObject","inLanguage":"fr-FR","@id":"https:\/\/eqos-gruppe.com\/fr\/communique-de-presse\/attribution-de-marche-eqos-energie-renouvelle-15-kilometres-de-lignes-doubles-pour-netz-niederoesterreich\/#primaryimage","url":"https:\/\/eqos-gruppe.com\/wp-content\/uploads\/2021\/09\/presse-netz-niederoesterreich.jpg","contentUrl":"https:\/\/eqos-gruppe.com\/wp-content\/uploads\/2021\/09\/presse-netz-niederoesterreich.jpg","width":1920,"height":768,"caption":"EQOS Presse Netz Niederoesterreich"},{"@type":"BreadcrumbList","@id":"https:\/\/eqos-gruppe.com\/fr\/communique-de-presse\/attribution-de-marche-eqos-energie-renouvelle-15-kilometres-de-lignes-doubles-pour-netz-niederoesterreich\/#breadcrumb","itemListElement":[{"@type":"ListItem","position":1,"name":"Home","item":"https:\/\/eqos-gruppe.com\/fr\/"},{"@type":"ListItem","position":2,"name":"Communiqu\u00e9s de presse","item":"https:\/\/eqos-gruppe.com\/fr\/communique-de-presse\/"},{"@type":"ListItem","position":3,"name":"Attribution de march\u00e9: EQOS Energie renouvelle 15 kilom\u00e8tres de lignes doubles pour Netz Nieder\u00f6sterreich"}]},{"@type":"WebSite","@id":"https:\/\/eqos-gruppe.com\/fr\/#website","url":"https:\/\/eqos-gruppe.com\/fr\/","name":"EQOS Gruppe","description":"","publisher":{"@id":"https:\/\/eqos-gruppe.com\/fr\/#organization"},"potentialAction":[{"@type":"SearchAction","target":{"@type":"EntryPoint","urlTemplate":"https:\/\/eqos-gruppe.com\/fr\/?s={search_term_string}"},"query-input":{"@type":"PropertyValueSpecification","valueRequired":true,"valueName":"search_term_string"}}],"inLanguage":"fr-FR"},{"@type":"Organization","@id":"https:\/\/eqos-gruppe.com\/fr\/#organization","name":"EQOS Gruppe","url":"https:\/\/eqos-gruppe.com\/fr\/","logo":{"@type":"ImageObject","inLanguage":"fr-FR","@id":"https:\/\/eqos-gruppe.com\/fr\/#\/schema\/logo\/image\/","url":"https:\/\/eqos-gruppe.com\/wp-content\/uploads\/2021\/11\/eqos-logo.svg","contentUrl":"https:\/\/eqos-gruppe.com\/wp-content\/uploads\/2021\/11\/eqos-logo.svg","caption":"EQOS Gruppe"},"image":{"@id":"https:\/\/eqos-gruppe.com\/fr\/#\/schema\/logo\/image\/"}}]}},"_links":{"self":[{"href":"https:\/\/eqos-gruppe.com\/fr\/wp-json\/wp\/v2\/pressemitteilung\/15741","targetHints":{"allow":["GET"]}}],"collection":[{"href":"https:\/\/eqos-gruppe.com\/fr\/wp-json\/wp\/v2\/pressemitteilung"}],"about":[{"href":"https:\/\/eqos-gruppe.com\/fr\/wp-json\/wp\/v2\/types\/pressemitteilung"}],"version-history":[{"count":0,"href":"https:\/\/eqos-gruppe.com\/fr\/wp-json\/wp\/v2\/pressemitteilung\/15741\/revisions"}],"wp:featuredmedia":[{"embeddable":true,"href":"https:\/\/eqos-gruppe.com\/fr\/wp-json\/wp\/v2\/media\/13779"}],"wp:attachment":[{"href":"https:\/\/eqos-gruppe.com\/fr\/wp-json\/wp\/v2\/media?parent=15741"}],"wp:term":[{"taxonomy":"category","embeddable":true,"href":"https:\/\/eqos-gruppe.com\/fr\/wp-json\/wp\/v2\/categories?post=15741"},{"taxonomy":"post_tag","embeddable":true,"href":"https:\/\/eqos-gruppe.com\/fr\/wp-json\/wp\/v2\/tags?post=15741"}],"curies":[{"name":"wp","href":"https:\/\/api.w.org\/{rel}","templated":true}]}}