{"id":18443,"date":"2023-02-09T16:40:36","date_gmt":"2023-02-09T15:40:36","guid":{"rendered":"https:\/\/eqos-gruppe.com\/?post_type=erfolgsstorys&#038;p=18443"},"modified":"2023-04-11T10:18:33","modified_gmt":"2023-04-11T09:18:33","slug":"chef-de-chantier-olaf","status":"publish","type":"erfolgsstorys","link":"https:\/\/eqos-gruppe.com\/fr\/histoires-de-succes\/chef-de-chantier-olaf\/","title":{"rendered":"De retour chez EQOS"},"content":{"rendered":"\n<h2 class=\"wp-block-heading\">Entretien avec Olaf (59) chef de chantier dans la BU Technique de communication<\/h2>\n\n\n\n<p>Olaf, chef de chantier chez EQOS, revient sur sa longue carri\u00e8re. Il a d\u00e9but\u00e9 en ao\u00fbt 1994 dans l&#8217;entreprise qui a pr\u00e9c\u00e9d\u00e9 l&#8217;actuelle EQOS. Pendant longtemps, il a travaill\u00e9 comme chef d&#8217;\u00e9quipe. Pendant longtemps, il a travaill\u00e9 comme chef d&#8217;\u00e9quipe. De mars 2021 \u00e0 avril 2022, il a travaill\u00e9 dans une autre entreprise. Peu apr\u00e8s son retour, il a \u00e9t\u00e9 promu chef de chantier. Olaf est reconnaissant d&#8217;\u00eatre revenu chez EQOS.<\/p>\n\n\n\n<p><strong>Quelles \u00e9taient vos motivations pour quitter EQOS ?<\/strong><\/p>\n\n\n\n<p>On m&#8217;a fait une offre qui \u00e9tait financi\u00e8rement tr\u00e8s int\u00e9ressante. Dans le m\u00eame secteur : la t\u00e9l\u00e9phonie mobile. Tout semblait convenir. Je me suis alors dit : c&#8217;est maintenant ou jamais.<\/p>\n\n\n\n<p><strong>Et que s&#8217;est-il pass\u00e9 ensuite ?<\/strong><\/p>\n\n\n\n<p>Petit \u00e0 petit, je me suis rendu compte que je n&#8217;\u00e9tais pas heureux. Il me manquait quelque chose. Le travail, le salaire, les coll\u00e8gues : tout allait bien. Je me rendais de plus en plus compte \u00e0 quel point mon ancien environnement me manquait. Heureusement, j&#8217;avais gard\u00e9 l&#8217;option de retour. Mon patron et mes coll\u00e8gues \u00e9taient ravis que je veuille revenir. Peu de temps apr\u00e8s, j&#8217;\u00e9tais de nouveau \u00e0 Schwelm. C&#8217;est un sentiment agr\u00e9able d&#8217;\u00eatre de nouveau ici. <\/p>\n\n\n\n<p>Mais je n&#8217;ai pas regrett\u00e9 cette ann\u00e9e. J&#8217;ai appris beaucoup de choses que je peux \u00e0 pr\u00e9sent mettre \u00e0 profit. J&#8217;ai aussi beaucoup appris sur moi-m\u00eame. A quel point il est important pour moi de conna\u00eetre mes coll\u00e8gues. Oui, et la relation de confiance avec les clients m&#8217;a manqu\u00e9. J&#8217;appr\u00e9cie maintenant plus qu&#8217;avant la notori\u00e9t\u00e9 que j&#8217;ai acquise au fil des ans. <\/p>\n\n\n\n<p>On ne faut pas d\u00e9raciner un vieil arbre&#8221;, j&#8217;ai souvent pens\u00e9 \u00e0 cette citation. <\/p>\n\n\n\n<p><\/p>\n\n\n\n<blockquote class=\"wp-block-quote is-layout-flow wp-block-quote-is-layout-flow\">\n<p><strong>J&#8217;appr\u00e9cie maintenant plus qu&#8217;avant la notori\u00e9t\u00e9 que j&#8217;ai acquise au fil des ans.<\/strong><\/p>\n\n\n\n<p><\/p>\n<\/blockquote>\n\n\n\n<p><\/p>\n\n\n\n<p> <strong>Peu apr\u00e8s votre retour, vous avez \u00e9t\u00e9 promu chef de chantier. Qu&#8217;est-ce qui est important dans cette fonction ?<\/strong><\/p>\n\n\n\n<p>J&#8217;aimerais revenir un peu en arri\u00e8re. Je viens d&#8217;Allemagne de l&#8217;Est. D&#8217;Erfurt, plus pr\u00e9cis\u00e9ment. Je suis m\u00e9canicien de maintenance qualifi\u00e9. J&#8217;ai commenc\u00e9 \u00e0 l&#8217;\u00e9poque de la RDA dans la construction de machines. Le caract\u00e8re unique m&#8217;a toujours int\u00e9ress\u00e9. Comme chez EQOS, chaque chantier est diff\u00e9rent. Cela me fascine \u00e0 chaque fois. Bien s\u00fbr, il y a beaucoup de r\u00e9glementations et de proc\u00e9dures. Mais j&#8217;aime aussi l&#8217;improvisation. En tant que chef d&#8217;\u00e9quipe, l&#8217;aspect artisanal m&#8217;a toujours tenu particuli\u00e8rement \u00e0 c\u0153ur. <\/p>\n\n\n\n<p>Maintenant, en tant que chef de chantier, je profite de ma longue exp\u00e9rience de chef d&#8217;\u00e9quipe. Tout ce qui est pragmatique me sert. Il est clair qu&#8217;il s&#8217;agit davantage de planification et d&#8217;organisation. J&#8217;appr\u00e9cie particuli\u00e8rement les discussions avec les clients ou les monteurs sur le chantier, mais aussi les accords avec les sous-traitants. Je remercie mes coll\u00e8gues pour toute l&#8217;aide qu&#8217;ils m&#8217;ont apport\u00e9e lors de mon int\u00e9gration dans mon nouveau domaine d&#8217;activit\u00e9. Et la gestion de projet me soutient partout o\u00f9 elle le peut.<\/p>\n\n\n\n<p><strong>Quels d\u00e9fis voyez-vous pour l&#8217;avenir ?<\/strong><\/p>\n\n\n\n<p>Clairement le th\u00e8me du personnel. Comment pouvons-nous par exemple convaincre les jeunes qu&#8217;EQOS est vraiment un bon employeur ? L&#8217;importance de la coh\u00e9sion. Que tous les collaborateurs font ici partie d&#8217;un grand tout. Fa\u00e7onner un peu l&#8217;avenir. J&#8217;esp\u00e8re pouvoir y apporter ma petite contribution. <\/p>\n\n\n\n<p><strong>Vous avez une grande responsabilit\u00e9. Que faites-vous pendant votre temps libre afin de vous d\u00e9tendre ?<\/strong><\/p>\n\n\n\n<p>En semaine, il n&#8217;y a pas beaucoup de temps pour cela. Je vis en effet \u00e0 Erfurt. J&#8217;y suis le week-end. Je suis donc souvent en d\u00e9placement. Faire la navette a toujours fait partie de ma vie. Ce qui est important pour moi, c&#8217;est de me d\u00e9tendre en vacances. Et j&#8217;aime les passer en Scandinavie avec ma femme, de pr\u00e9f\u00e9rence en p\u00eachant. Mais&#8230; j&#8217;aime mon travail et j&#8217;ai l&#8217;impression d&#8217;\u00eatre de retour \u00e0 la maison. Cela me donne aussi de l&#8217;\u00e9nergie.<\/p>\n","protected":false},"excerpt":{"rendered":"<p>Olaf, chef de chantier, aime la bonne entente qui r\u00e8gne chez EQOS. Une ann\u00e9e pass\u00e9e dans une autre entreprise lui a montr\u00e9 \u00e0 quel point le sentiment d&#8217;appartenance est important pour lui.<\/p>\n","protected":false},"featured_media":18467,"template":"","meta":{"_acf_changed":false,"footnotes":""},"categories":[],"tags":[],"class_list":["post-18443","erfolgsstorys","type-erfolgsstorys","status-publish","has-post-thumbnail","hentry","nt-post-class","","masonry-item","col-lg-4"],"acf":[],"yoast_head":"<!-- This site is optimized with the Yoast SEO plugin v27.3 - https:\/\/yoast.com\/product\/yoast-seo-wordpress\/ -->\n<title>De retour chez EQOS - EQOS Gruppe<\/title>\n<meta name=\"description\" content=\"Olaf, chef de chantier, aime la bonne entente qui r\u00e8gne chez EQOS. Une ann\u00e9e pass\u00e9e dans une autre entreprise lui a montr\u00e9 \u00e0 quel point le sentiment d&#039;appartenance est important pour lui.\" \/>\n<meta name=\"robots\" content=\"index, follow, max-snippet:-1, max-image-preview:large, max-video-preview:-1\" \/>\n<link rel=\"canonical\" href=\"https:\/\/eqos-gruppe.com\/fr\/histoires-de-succes\/chef-de-chantier-olaf\/\" \/>\n<meta property=\"og:locale\" content=\"fr_FR\" \/>\n<meta property=\"og:type\" content=\"article\" \/>\n<meta property=\"og:title\" content=\"De retour chez EQOS - EQOS Gruppe\" \/>\n<meta property=\"og:description\" content=\"Olaf, chef de chantier, aime la bonne entente qui r\u00e8gne chez EQOS. Une ann\u00e9e pass\u00e9e dans une autre entreprise lui a montr\u00e9 \u00e0 quel point le sentiment d&#039;appartenance est important pour lui.\" \/>\n<meta property=\"og:url\" content=\"https:\/\/eqos-gruppe.com\/fr\/histoires-de-succes\/chef-de-chantier-olaf\/\" \/>\n<meta property=\"og:site_name\" content=\"EQOS Gruppe\" \/>\n<meta property=\"article:modified_time\" content=\"2023-04-11T09:18:33+00:00\" \/>\n<meta property=\"og:image\" content=\"https:\/\/eqos-gruppe.com\/wp-content\/uploads\/2023\/02\/Erfolgsstory_Olaf.jpg\" \/>\n\t<meta property=\"og:image:width\" content=\"1920\" \/>\n\t<meta property=\"og:image:height\" content=\"768\" \/>\n\t<meta property=\"og:image:type\" content=\"image\/jpeg\" \/>\n<meta name=\"twitter:card\" content=\"summary_large_image\" \/>\n<meta name=\"twitter:label1\" content=\"Dur\u00e9e de lecture estim\u00e9e\" \/>\n\t<meta name=\"twitter:data1\" content=\"3 minutes\" \/>\n<script type=\"application\/ld+json\" class=\"yoast-schema-graph\">{\"@context\":\"https:\\\/\\\/schema.org\",\"@graph\":[{\"@type\":\"WebPage\",\"@id\":\"https:\\\/\\\/eqos-gruppe.com\\\/fr\\\/histoires-de-succes\\\/chef-de-chantier-olaf\\\/\",\"url\":\"https:\\\/\\\/eqos-gruppe.com\\\/fr\\\/histoires-de-succes\\\/chef-de-chantier-olaf\\\/\",\"name\":\"De retour chez EQOS - EQOS Gruppe\",\"isPartOf\":{\"@id\":\"https:\\\/\\\/eqos-gruppe.com\\\/fr\\\/#website\"},\"primaryImageOfPage\":{\"@id\":\"https:\\\/\\\/eqos-gruppe.com\\\/fr\\\/histoires-de-succes\\\/chef-de-chantier-olaf\\\/#primaryimage\"},\"image\":{\"@id\":\"https:\\\/\\\/eqos-gruppe.com\\\/fr\\\/histoires-de-succes\\\/chef-de-chantier-olaf\\\/#primaryimage\"},\"thumbnailUrl\":\"https:\\\/\\\/eqos-gruppe.com\\\/wp-content\\\/uploads\\\/2023\\\/02\\\/Erfolgsstory_Olaf.jpg\",\"datePublished\":\"2023-02-09T15:40:36+00:00\",\"dateModified\":\"2023-04-11T09:18:33+00:00\",\"description\":\"Olaf, chef de chantier, aime la bonne entente qui r\u00e8gne chez EQOS. Une ann\u00e9e pass\u00e9e dans une autre entreprise lui a montr\u00e9 \u00e0 quel point le sentiment d'appartenance est important pour lui.\",\"breadcrumb\":{\"@id\":\"https:\\\/\\\/eqos-gruppe.com\\\/fr\\\/histoires-de-succes\\\/chef-de-chantier-olaf\\\/#breadcrumb\"},\"inLanguage\":\"fr-FR\",\"potentialAction\":[{\"@type\":\"ReadAction\",\"target\":[\"https:\\\/\\\/eqos-gruppe.com\\\/fr\\\/histoires-de-succes\\\/chef-de-chantier-olaf\\\/\"]}]},{\"@type\":\"ImageObject\",\"inLanguage\":\"fr-FR\",\"@id\":\"https:\\\/\\\/eqos-gruppe.com\\\/fr\\\/histoires-de-succes\\\/chef-de-chantier-olaf\\\/#primaryimage\",\"url\":\"https:\\\/\\\/eqos-gruppe.com\\\/wp-content\\\/uploads\\\/2023\\\/02\\\/Erfolgsstory_Olaf.jpg\",\"contentUrl\":\"https:\\\/\\\/eqos-gruppe.com\\\/wp-content\\\/uploads\\\/2023\\\/02\\\/Erfolgsstory_Olaf.jpg\",\"width\":1920,\"height\":768,\"caption\":\"Erfolgsstory Olaf\"},{\"@type\":\"BreadcrumbList\",\"@id\":\"https:\\\/\\\/eqos-gruppe.com\\\/fr\\\/histoires-de-succes\\\/chef-de-chantier-olaf\\\/#breadcrumb\",\"itemListElement\":[{\"@type\":\"ListItem\",\"position\":1,\"name\":\"Home\",\"item\":\"https:\\\/\\\/eqos-gruppe.com\\\/fr\\\/\"},{\"@type\":\"ListItem\",\"position\":2,\"name\":\"Histoires de succ\u00e8s\",\"item\":\"https:\\\/\\\/eqos-gruppe.com\\\/fr\\\/histoires-de-succes\\\/\"},{\"@type\":\"ListItem\",\"position\":3,\"name\":\"De retour chez EQOS\"}]},{\"@type\":\"WebSite\",\"@id\":\"https:\\\/\\\/eqos-gruppe.com\\\/fr\\\/#website\",\"url\":\"https:\\\/\\\/eqos-gruppe.com\\\/fr\\\/\",\"name\":\"EQOS Gruppe\",\"description\":\"\",\"publisher\":{\"@id\":\"https:\\\/\\\/eqos-gruppe.com\\\/fr\\\/#organization\"},\"potentialAction\":[{\"@type\":\"SearchAction\",\"target\":{\"@type\":\"EntryPoint\",\"urlTemplate\":\"https:\\\/\\\/eqos-gruppe.com\\\/fr\\\/?s={search_term_string}\"},\"query-input\":{\"@type\":\"PropertyValueSpecification\",\"valueRequired\":true,\"valueName\":\"search_term_string\"}}],\"inLanguage\":\"fr-FR\"},{\"@type\":\"Organization\",\"@id\":\"https:\\\/\\\/eqos-gruppe.com\\\/fr\\\/#organization\",\"name\":\"EQOS Gruppe\",\"url\":\"https:\\\/\\\/eqos-gruppe.com\\\/fr\\\/\",\"logo\":{\"@type\":\"ImageObject\",\"inLanguage\":\"fr-FR\",\"@id\":\"https:\\\/\\\/eqos-gruppe.com\\\/fr\\\/#\\\/schema\\\/logo\\\/image\\\/\",\"url\":\"https:\\\/\\\/eqos-gruppe.com\\\/wp-content\\\/uploads\\\/2021\\\/11\\\/eqos-logo.svg\",\"contentUrl\":\"https:\\\/\\\/eqos-gruppe.com\\\/wp-content\\\/uploads\\\/2021\\\/11\\\/eqos-logo.svg\",\"caption\":\"EQOS Gruppe\"},\"image\":{\"@id\":\"https:\\\/\\\/eqos-gruppe.com\\\/fr\\\/#\\\/schema\\\/logo\\\/image\\\/\"}}]}<\/script>\n<!-- \/ Yoast SEO plugin. -->","yoast_head_json":{"title":"De retour chez EQOS - EQOS Gruppe","description":"Olaf, chef de chantier, aime la bonne entente qui r\u00e8gne chez EQOS. Une ann\u00e9e pass\u00e9e dans une autre entreprise lui a montr\u00e9 \u00e0 quel point le sentiment d'appartenance est important pour lui.","robots":{"index":"index","follow":"follow","max-snippet":"max-snippet:-1","max-image-preview":"max-image-preview:large","max-video-preview":"max-video-preview:-1"},"canonical":"https:\/\/eqos-gruppe.com\/fr\/histoires-de-succes\/chef-de-chantier-olaf\/","og_locale":"fr_FR","og_type":"article","og_title":"De retour chez EQOS - EQOS Gruppe","og_description":"Olaf, chef de chantier, aime la bonne entente qui r\u00e8gne chez EQOS. Une ann\u00e9e pass\u00e9e dans une autre entreprise lui a montr\u00e9 \u00e0 quel point le sentiment d'appartenance est important pour lui.","og_url":"https:\/\/eqos-gruppe.com\/fr\/histoires-de-succes\/chef-de-chantier-olaf\/","og_site_name":"EQOS Gruppe","article_modified_time":"2023-04-11T09:18:33+00:00","og_image":[{"width":1920,"height":768,"url":"https:\/\/eqos-gruppe.com\/wp-content\/uploads\/2023\/02\/Erfolgsstory_Olaf.jpg","type":"image\/jpeg"}],"twitter_card":"summary_large_image","twitter_misc":{"Dur\u00e9e de lecture estim\u00e9e":"3 minutes"},"schema":{"@context":"https:\/\/schema.org","@graph":[{"@type":"WebPage","@id":"https:\/\/eqos-gruppe.com\/fr\/histoires-de-succes\/chef-de-chantier-olaf\/","url":"https:\/\/eqos-gruppe.com\/fr\/histoires-de-succes\/chef-de-chantier-olaf\/","name":"De retour chez EQOS - EQOS Gruppe","isPartOf":{"@id":"https:\/\/eqos-gruppe.com\/fr\/#website"},"primaryImageOfPage":{"@id":"https:\/\/eqos-gruppe.com\/fr\/histoires-de-succes\/chef-de-chantier-olaf\/#primaryimage"},"image":{"@id":"https:\/\/eqos-gruppe.com\/fr\/histoires-de-succes\/chef-de-chantier-olaf\/#primaryimage"},"thumbnailUrl":"https:\/\/eqos-gruppe.com\/wp-content\/uploads\/2023\/02\/Erfolgsstory_Olaf.jpg","datePublished":"2023-02-09T15:40:36+00:00","dateModified":"2023-04-11T09:18:33+00:00","description":"Olaf, chef de chantier, aime la bonne entente qui r\u00e8gne chez EQOS. Une ann\u00e9e pass\u00e9e dans une autre entreprise lui a montr\u00e9 \u00e0 quel point le sentiment d'appartenance est important pour lui.","breadcrumb":{"@id":"https:\/\/eqos-gruppe.com\/fr\/histoires-de-succes\/chef-de-chantier-olaf\/#breadcrumb"},"inLanguage":"fr-FR","potentialAction":[{"@type":"ReadAction","target":["https:\/\/eqos-gruppe.com\/fr\/histoires-de-succes\/chef-de-chantier-olaf\/"]}]},{"@type":"ImageObject","inLanguage":"fr-FR","@id":"https:\/\/eqos-gruppe.com\/fr\/histoires-de-succes\/chef-de-chantier-olaf\/#primaryimage","url":"https:\/\/eqos-gruppe.com\/wp-content\/uploads\/2023\/02\/Erfolgsstory_Olaf.jpg","contentUrl":"https:\/\/eqos-gruppe.com\/wp-content\/uploads\/2023\/02\/Erfolgsstory_Olaf.jpg","width":1920,"height":768,"caption":"Erfolgsstory Olaf"},{"@type":"BreadcrumbList","@id":"https:\/\/eqos-gruppe.com\/fr\/histoires-de-succes\/chef-de-chantier-olaf\/#breadcrumb","itemListElement":[{"@type":"ListItem","position":1,"name":"Home","item":"https:\/\/eqos-gruppe.com\/fr\/"},{"@type":"ListItem","position":2,"name":"Histoires de succ\u00e8s","item":"https:\/\/eqos-gruppe.com\/fr\/histoires-de-succes\/"},{"@type":"ListItem","position":3,"name":"De retour chez EQOS"}]},{"@type":"WebSite","@id":"https:\/\/eqos-gruppe.com\/fr\/#website","url":"https:\/\/eqos-gruppe.com\/fr\/","name":"EQOS Gruppe","description":"","publisher":{"@id":"https:\/\/eqos-gruppe.com\/fr\/#organization"},"potentialAction":[{"@type":"SearchAction","target":{"@type":"EntryPoint","urlTemplate":"https:\/\/eqos-gruppe.com\/fr\/?s={search_term_string}"},"query-input":{"@type":"PropertyValueSpecification","valueRequired":true,"valueName":"search_term_string"}}],"inLanguage":"fr-FR"},{"@type":"Organization","@id":"https:\/\/eqos-gruppe.com\/fr\/#organization","name":"EQOS Gruppe","url":"https:\/\/eqos-gruppe.com\/fr\/","logo":{"@type":"ImageObject","inLanguage":"fr-FR","@id":"https:\/\/eqos-gruppe.com\/fr\/#\/schema\/logo\/image\/","url":"https:\/\/eqos-gruppe.com\/wp-content\/uploads\/2021\/11\/eqos-logo.svg","contentUrl":"https:\/\/eqos-gruppe.com\/wp-content\/uploads\/2021\/11\/eqos-logo.svg","caption":"EQOS Gruppe"},"image":{"@id":"https:\/\/eqos-gruppe.com\/fr\/#\/schema\/logo\/image\/"}}]}},"_links":{"self":[{"href":"https:\/\/eqos-gruppe.com\/fr\/wp-json\/wp\/v2\/erfolgsstorys\/18443","targetHints":{"allow":["GET"]}}],"collection":[{"href":"https:\/\/eqos-gruppe.com\/fr\/wp-json\/wp\/v2\/erfolgsstorys"}],"about":[{"href":"https:\/\/eqos-gruppe.com\/fr\/wp-json\/wp\/v2\/types\/erfolgsstorys"}],"version-history":[{"count":5,"href":"https:\/\/eqos-gruppe.com\/fr\/wp-json\/wp\/v2\/erfolgsstorys\/18443\/revisions"}],"predecessor-version":[{"id":18909,"href":"https:\/\/eqos-gruppe.com\/fr\/wp-json\/wp\/v2\/erfolgsstorys\/18443\/revisions\/18909"}],"wp:featuredmedia":[{"embeddable":true,"href":"https:\/\/eqos-gruppe.com\/fr\/wp-json\/wp\/v2\/media\/18467"}],"wp:attachment":[{"href":"https:\/\/eqos-gruppe.com\/fr\/wp-json\/wp\/v2\/media?parent=18443"}],"wp:term":[{"taxonomy":"category","embeddable":true,"href":"https:\/\/eqos-gruppe.com\/fr\/wp-json\/wp\/v2\/categories?post=18443"},{"taxonomy":"post_tag","embeddable":true,"href":"https:\/\/eqos-gruppe.com\/fr\/wp-json\/wp\/v2\/tags?post=18443"}],"curies":[{"name":"wp","href":"https:\/\/api.w.org\/{rel}","templated":true}]}}